{"id":484,"date":"2011-08-19T17:27:29","date_gmt":"2011-08-19T17:27:29","guid":{"rendered":"http:\/\/talent.efix.net\/teste\/pt\/?p=484"},"modified":"2011-08-26T22:40:27","modified_gmt":"2011-08-26T22:40:27","slug":"rh-precisa-comecar-a-entender-de-ti","status":"publish","type":"post","link":"https:\/\/talent.efix.net\/pt\/rh-precisa-comecar-a-entender-de-ti\/","title":{"rendered":"RH precisa come\u00e7ar a entender de TI"},"content":{"rendered":"<p>Por Andr\u00e9 Fix Ventura<br \/>\nTradicionalmente, as \u00e1reas de Recursos Humanos deixam para as \u00e1reas de Tecnologia da Informa\u00e7\u00e3o das empresas a decis\u00e3o sobre que sistemas utilizar em processos de gest\u00e3o de pessoas. Essa decis\u00e3o tem se revelado equivocada por v\u00e1rias raz\u00f5es e a mais importante delas \u00e9 que os resultados produzidos pelos sistemas de informa\u00e7\u00e3o adquiridos pelas \u00e1reas de TI v\u00e3o alimentar (ou n\u00e3o) as a\u00e7\u00f5es das \u00e1reas de RH.<\/p>\n<p>Ao longo das \u00faltimas d\u00e9cadas, o percurso usual da maioria das empresas foi a aquisi\u00e7\u00e3o de sistemas diferentes para atividades que, hoje, precisam estar integradas. Por exemplo: um sistema de an\u00e1lise de desempenho n\u00e3o pode estar apartado de outro que faz an\u00e1lise de compet\u00eancias mas, em muitas organiza\u00e7\u00f5es, o que vemos s\u00e3o sistemas e tecnologias diversas, que n\u00e3o conversam entre si, produzindo informa\u00e7\u00f5es dif\u00edceis de avaliar de modo integrado e que geram mais problemas do que solu\u00e7\u00f5es.<\/p>\n<p>Desde os anos 2000, primeiro nos EUA e depois no resto do mundo, as organiza\u00e7\u00f5es cobram das \u00e1reas de Recursos Humanos um posicionamento estrat\u00e9gico, orientado para o neg\u00f3cio e n\u00e3o mais para as atividades operacionais que atormentam o dia a dia das \u00e1reas de gest\u00e3o de pessoas. No entanto, \u00e9 demais exigir dessas \u00e1reas uma vis\u00e3o mais abrangente do neg\u00f3cio se os sistemas que d\u00e3o suporte \u00e0s atividades ligadas \u00e0 gest\u00e3o do capital humano s\u00e3o fragmentados e n\u00e3o fornecem as informa\u00e7\u00f5es necess\u00e1rias para que os profissionais de gest\u00e3o da for\u00e7a de trabalho consigam ter uma vis\u00e3o do todo da organiza\u00e7\u00e3o.<\/p>\n<p>Por essas raz\u00f5es, come\u00e7a a ficar evidente que as \u00e1reas encarregadas de cuidar das pessoas nas empresas precisam come\u00e7ar a se envolver nas quest\u00f5es relativas \u00e0s tecnologias de informa\u00e7\u00e3o necess\u00e1rias para que o operacional deixe de ser um problema e se torne a fonte de informa\u00e7\u00e3o necess\u00e1ria para a gest\u00e3o estrat\u00e9gica de pessoas. O passo mais significativo, e necess\u00e1rio, nessa caminhada ser\u00e1 a inevit\u00e1vel integra\u00e7\u00e3o de sistemas de gest\u00e3o de pessoas, permitindo que os gestores de Recursos Humanos consigam olhar a for\u00e7a de trabalho de modo abrangente e estruturado, inclusive detectando talentos onde ningu\u00e9m imaginaria que eles estivessem.<\/p>\n<p>O mesmo vale para as empresas que fornecem sistemas de gest\u00e3o de pessoas, que precisam come\u00e7ar a falar a l\u00edngua do RH. Muitas dessas empresas, orientadas para o t\u00e9cnico, terminam tendo como principais interlocutores as \u00e1reas de TI, esquecendo-se de que o usu\u00e1rio final do sistema \u00e9 um profissional de RH.<\/p>\n<p>(*) Andr\u00e9 Fix Ventura \u00e9 s\u00f3cio-fundador da Efix Tecnologia. Desenvolveu projetos para mais de 30 empresas l\u00edderes de mercado como Votorantim, Unilever, 3M e Sabesp. Safra Home Banking, Carteira Eletr\u00f4nica Bradesco, al\u00e9m de lojas virtuais para: Amway, Semp Toshiba e Editora Globo. Formado em Engenharia Eletr\u00f4nica, defendeu doutorado em intelig\u00eancia artificial no Laborat\u00f3rio de Arquitetura de Redes e Computadores da USP.<\/p>\n","protected":false},"excerpt":{"rendered":"<p>Por Andr\u00e9 Fix Ventura Tradicionalmente, as \u00e1reas de Recursos Humanos deixam para as \u00e1reas de Tecnologia da Informa\u00e7\u00e3o das empresas a decis\u00e3o sobre que sistemas utilizar em processos de gest\u00e3o de pessoas. Essa decis\u00e3o tem se revelado equivocada por v\u00e1rias raz\u00f5es e a mais importante delas \u00e9 que os resultados produzidos pelos sistemas de informa\u00e7\u00e3o adquiridos pelas \u00e1reas de TI v\u00e3o alimentar (ou n\u00e3o) as a\u00e7\u00f5es das \u00e1reas de RH. Ao longo das \u00faltimas d\u00e9cadas, o percurso usual da maioria das empresas foi a aquisi\u00e7\u00e3o de sistemas diferentes para atividades que, hoje, precisam estar integradas. Por exemplo: um sistema de [&hellip;]<\/p>\n","protected":false},"author":1,"featured_media":0,"comment_status":"open","ping_status":"open","sticky":false,"template":"","format":"standard","meta":{"footnotes":""},"categories":[1,3],"tags":[],"yoast_head":"<!-- This site is optimized with the Yoast SEO plugin v22.2 - https:\/\/yoast.com\/wordpress\/plugins\/seo\/ -->\n<title>RH precisa come\u00e7ar a entender de TI | Efix Portugu\u00eas<\/title>\n<meta name=\"robots\" content=\"index, follow, max-snippet:-1, max-image-preview:large, max-video-preview:-1\" \/>\n<link rel=\"canonical\" href=\"https:\/\/talent.efix.net\/pt\/rh-precisa-comecar-a-entender-de-ti\/\" \/>\n<meta property=\"og:locale\" content=\"pt_BR\" \/>\n<meta property=\"og:type\" content=\"article\" \/>\n<meta property=\"og:title\" content=\"RH precisa come\u00e7ar a entender de TI | Efix Portugu\u00eas\" \/>\n<meta property=\"og:description\" content=\"Por Andr\u00e9 Fix Ventura Tradicionalmente, as \u00e1reas de Recursos Humanos deixam para as \u00e1reas de Tecnologia da Informa\u00e7\u00e3o das empresas a decis\u00e3o sobre que sistemas utilizar em processos de gest\u00e3o de pessoas. Essa decis\u00e3o tem se revelado equivocada por v\u00e1rias raz\u00f5es e a mais importante delas \u00e9 que os resultados produzidos pelos sistemas de informa\u00e7\u00e3o adquiridos pelas \u00e1reas de TI v\u00e3o alimentar (ou n\u00e3o) as a\u00e7\u00f5es das \u00e1reas de RH. Ao longo das \u00faltimas d\u00e9cadas, o percurso usual da maioria das empresas foi a aquisi\u00e7\u00e3o de sistemas diferentes para atividades que, hoje, precisam estar integradas. Por exemplo: um sistema de [&hellip;]\" \/>\n<meta property=\"og:url\" content=\"https:\/\/talent.efix.net\/pt\/rh-precisa-comecar-a-entender-de-ti\/\" \/>\n<meta property=\"og:site_name\" content=\"Efix Portugu\u00eas\" \/>\n<meta property=\"article:publisher\" content=\"https:\/\/www.facebook.com\/efixnet\" \/>\n<meta property=\"article:published_time\" content=\"2011-08-19T17:27:29+00:00\" \/>\n<meta property=\"article:modified_time\" content=\"2011-08-26T22:40:27+00:00\" \/>\n<meta property=\"og:image\" content=\"https:\/\/talent.efix.net\/pt\/wp-content\/uploads\/sites\/2\/2024\/03\/logo.png\" \/>\n\t<meta property=\"og:image:width\" content=\"103\" \/>\n\t<meta property=\"og:image:height\" content=\"77\" \/>\n\t<meta property=\"og:image:type\" content=\"image\/png\" \/>\n<meta name=\"author\" content=\"Admin Efix\" \/>\n<meta name=\"twitter:card\" content=\"summary_large_image\" \/>\n<meta name=\"twitter:creator\" content=\"@EfixNet\" \/>\n<meta name=\"twitter:site\" content=\"@EfixNet\" \/>\n<meta name=\"twitter:label1\" content=\"Escrito por\" \/>\n\t<meta name=\"twitter:data1\" content=\"Admin Efix\" \/>\n\t<meta name=\"twitter:label2\" content=\"Est. tempo de leitura\" \/>\n\t<meta name=\"twitter:data2\" content=\"3 minutos\" \/>\n<script type=\"application\/ld+json\" class=\"yoast-schema-graph\">{\"@context\":\"https:\/\/schema.org\",\"@graph\":[{\"@type\":\"Article\",\"@id\":\"https:\/\/talent.efix.net\/pt\/rh-precisa-comecar-a-entender-de-ti\/#article\",\"isPartOf\":{\"@id\":\"https:\/\/talent.efix.net\/pt\/rh-precisa-comecar-a-entender-de-ti\/\"},\"author\":{\"name\":\"Admin Efix\",\"@id\":\"https:\/\/talent.efix.net\/pt\/#\/schema\/person\/0877fff8469b2b971a1b9b7e0ed245ce\"},\"headline\":\"RH precisa come\u00e7ar a entender de TI\",\"datePublished\":\"2011-08-19T17:27:29+00:00\",\"dateModified\":\"2011-08-26T22:40:27+00:00\",\"mainEntityOfPage\":{\"@id\":\"https:\/\/talent.efix.net\/pt\/rh-precisa-comecar-a-entender-de-ti\/\"},\"wordCount\":524,\"commentCount\":0,\"publisher\":{\"@id\":\"https:\/\/talent.efix.net\/pt\/#organization\"},\"articleSection\":[\"Listagem\",\"Not\u00edcias\"],\"inLanguage\":\"pt-BR\",\"potentialAction\":[{\"@type\":\"CommentAction\",\"name\":\"Comment\",\"target\":[\"https:\/\/talent.efix.net\/pt\/rh-precisa-comecar-a-entender-de-ti\/#respond\"]}]},{\"@type\":\"WebPage\",\"@id\":\"https:\/\/talent.efix.net\/pt\/rh-precisa-comecar-a-entender-de-ti\/\",\"url\":\"https:\/\/talent.efix.net\/pt\/rh-precisa-comecar-a-entender-de-ti\/\",\"name\":\"RH precisa come\u00e7ar a entender de TI | Efix Portugu\u00eas\",\"isPartOf\":{\"@id\":\"https:\/\/talent.efix.net\/pt\/#website\"},\"datePublished\":\"2011-08-19T17:27:29+00:00\",\"dateModified\":\"2011-08-26T22:40:27+00:00\",\"breadcrumb\":{\"@id\":\"https:\/\/talent.efix.net\/pt\/rh-precisa-comecar-a-entender-de-ti\/#breadcrumb\"},\"inLanguage\":\"pt-BR\",\"potentialAction\":[{\"@type\":\"ReadAction\",\"target\":[\"https:\/\/talent.efix.net\/pt\/rh-precisa-comecar-a-entender-de-ti\/\"]}]},{\"@type\":\"BreadcrumbList\",\"@id\":\"https:\/\/talent.efix.net\/pt\/rh-precisa-comecar-a-entender-de-ti\/#breadcrumb\",\"itemListElement\":[{\"@type\":\"ListItem\",\"position\":1,\"name\":\"Home\",\"item\":\"https:\/\/talent.efix.net\/pt\/\"},{\"@type\":\"ListItem\",\"position\":2,\"name\":\"RH precisa come\u00e7ar a entender de TI\"}]},{\"@type\":\"WebSite\",\"@id\":\"https:\/\/talent.efix.net\/pt\/#website\",\"url\":\"https:\/\/talent.efix.net\/pt\/\",\"name\":\"Efix\",\"description\":\"Solu\u00e7\u00f5es para Gest\u00e3o e Desenvolvimento de Pessoas\",\"publisher\":{\"@id\":\"https:\/\/talent.efix.net\/pt\/#organization\"},\"potentialAction\":[{\"@type\":\"SearchAction\",\"target\":{\"@type\":\"EntryPoint\",\"urlTemplate\":\"https:\/\/talent.efix.net\/pt\/?s={search_term_string}\"},\"query-input\":\"required name=search_term_string\"}],\"inLanguage\":\"pt-BR\"},{\"@type\":\"Organization\",\"@id\":\"https:\/\/talent.efix.net\/pt\/#organization\",\"name\":\"Efix\",\"url\":\"https:\/\/talent.efix.net\/pt\/\",\"logo\":{\"@type\":\"ImageObject\",\"inLanguage\":\"pt-BR\",\"@id\":\"https:\/\/talent.efix.net\/pt\/#\/schema\/logo\/image\/\",\"url\":\"https:\/\/talent.efix.net\/pt\/wp-content\/uploads\/sites\/2\/2024\/03\/logo.png\",\"contentUrl\":\"https:\/\/talent.efix.net\/pt\/wp-content\/uploads\/sites\/2\/2024\/03\/logo.png\",\"width\":103,\"height\":77,\"caption\":\"Efix\"},\"image\":{\"@id\":\"https:\/\/talent.efix.net\/pt\/#\/schema\/logo\/image\/\"},\"sameAs\":[\"https:\/\/www.facebook.com\/efixnet\",\"https:\/\/twitter.com\/EfixNet\"]},{\"@type\":\"Person\",\"@id\":\"https:\/\/talent.efix.net\/pt\/#\/schema\/person\/0877fff8469b2b971a1b9b7e0ed245ce\",\"name\":\"Admin Efix\",\"image\":{\"@type\":\"ImageObject\",\"inLanguage\":\"pt-BR\",\"@id\":\"https:\/\/talent.efix.net\/pt\/#\/schema\/person\/image\/\",\"url\":\"https:\/\/secure.gravatar.com\/avatar\/c390e50fa99d3e241ad3718032948a50?s=96&d=mm&r=g\",\"contentUrl\":\"https:\/\/secure.gravatar.com\/avatar\/c390e50fa99d3e241ad3718032948a50?s=96&d=mm&r=g\",\"caption\":\"Admin Efix\"},\"url\":\"https:\/\/talent.efix.net\/pt\/author\/admin\/\"}]}<\/script>\n<!-- \/ Yoast SEO plugin. -->","yoast_head_json":{"title":"RH precisa come\u00e7ar a entender de TI | Efix Portugu\u00eas","robots":{"index":"index","follow":"follow","max-snippet":"max-snippet:-1","max-image-preview":"max-image-preview:large","max-video-preview":"max-video-preview:-1"},"canonical":"https:\/\/talent.efix.net\/pt\/rh-precisa-comecar-a-entender-de-ti\/","og_locale":"pt_BR","og_type":"article","og_title":"RH precisa come\u00e7ar a entender de TI | Efix Portugu\u00eas","og_description":"Por Andr\u00e9 Fix Ventura Tradicionalmente, as \u00e1reas de Recursos Humanos deixam para as \u00e1reas de Tecnologia da Informa\u00e7\u00e3o das empresas a decis\u00e3o sobre que sistemas utilizar em processos de gest\u00e3o de pessoas. Essa decis\u00e3o tem se revelado equivocada por v\u00e1rias raz\u00f5es e a mais importante delas \u00e9 que os resultados produzidos pelos sistemas de informa\u00e7\u00e3o adquiridos pelas \u00e1reas de TI v\u00e3o alimentar (ou n\u00e3o) as a\u00e7\u00f5es das \u00e1reas de RH. Ao longo das \u00faltimas d\u00e9cadas, o percurso usual da maioria das empresas foi a aquisi\u00e7\u00e3o de sistemas diferentes para atividades que, hoje, precisam estar integradas. Por exemplo: um sistema de [&hellip;]","og_url":"https:\/\/talent.efix.net\/pt\/rh-precisa-comecar-a-entender-de-ti\/","og_site_name":"Efix Portugu\u00eas","article_publisher":"https:\/\/www.facebook.com\/efixnet","article_published_time":"2011-08-19T17:27:29+00:00","article_modified_time":"2011-08-26T22:40:27+00:00","og_image":[{"width":103,"height":77,"url":"https:\/\/talent.efix.net\/pt\/wp-content\/uploads\/sites\/2\/2024\/03\/logo.png","type":"image\/png"}],"author":"Admin Efix","twitter_card":"summary_large_image","twitter_creator":"@EfixNet","twitter_site":"@EfixNet","twitter_misc":{"Escrito por":"Admin Efix","Est. tempo de leitura":"3 minutos"},"schema":{"@context":"https:\/\/schema.org","@graph":[{"@type":"Article","@id":"https:\/\/talent.efix.net\/pt\/rh-precisa-comecar-a-entender-de-ti\/#article","isPartOf":{"@id":"https:\/\/talent.efix.net\/pt\/rh-precisa-comecar-a-entender-de-ti\/"},"author":{"name":"Admin Efix","@id":"https:\/\/talent.efix.net\/pt\/#\/schema\/person\/0877fff8469b2b971a1b9b7e0ed245ce"},"headline":"RH precisa come\u00e7ar a entender de TI","datePublished":"2011-08-19T17:27:29+00:00","dateModified":"2011-08-26T22:40:27+00:00","mainEntityOfPage":{"@id":"https:\/\/talent.efix.net\/pt\/rh-precisa-comecar-a-entender-de-ti\/"},"wordCount":524,"commentCount":0,"publisher":{"@id":"https:\/\/talent.efix.net\/pt\/#organization"},"articleSection":["Listagem","Not\u00edcias"],"inLanguage":"pt-BR","potentialAction":[{"@type":"CommentAction","name":"Comment","target":["https:\/\/talent.efix.net\/pt\/rh-precisa-comecar-a-entender-de-ti\/#respond"]}]},{"@type":"WebPage","@id":"https:\/\/talent.efix.net\/pt\/rh-precisa-comecar-a-entender-de-ti\/","url":"https:\/\/talent.efix.net\/pt\/rh-precisa-comecar-a-entender-de-ti\/","name":"RH precisa come\u00e7ar a entender de TI | Efix Portugu\u00eas","isPartOf":{"@id":"https:\/\/talent.efix.net\/pt\/#website"},"datePublished":"2011-08-19T17:27:29+00:00","dateModified":"2011-08-26T22:40:27+00:00","breadcrumb":{"@id":"https:\/\/talent.efix.net\/pt\/rh-precisa-comecar-a-entender-de-ti\/#breadcrumb"},"inLanguage":"pt-BR","potentialAction":[{"@type":"ReadAction","target":["https:\/\/talent.efix.net\/pt\/rh-precisa-comecar-a-entender-de-ti\/"]}]},{"@type":"BreadcrumbList","@id":"https:\/\/talent.efix.net\/pt\/rh-precisa-comecar-a-entender-de-ti\/#breadcrumb","itemListElement":[{"@type":"ListItem","position":1,"name":"Home","item":"https:\/\/talent.efix.net\/pt\/"},{"@type":"ListItem","position":2,"name":"RH precisa come\u00e7ar a entender de TI"}]},{"@type":"WebSite","@id":"https:\/\/talent.efix.net\/pt\/#website","url":"https:\/\/talent.efix.net\/pt\/","name":"Efix","description":"Solu\u00e7\u00f5es para Gest\u00e3o e Desenvolvimento de Pessoas","publisher":{"@id":"https:\/\/talent.efix.net\/pt\/#organization"},"potentialAction":[{"@type":"SearchAction","target":{"@type":"EntryPoint","urlTemplate":"https:\/\/talent.efix.net\/pt\/?s={search_term_string}"},"query-input":"required name=search_term_string"}],"inLanguage":"pt-BR"},{"@type":"Organization","@id":"https:\/\/talent.efix.net\/pt\/#organization","name":"Efix","url":"https:\/\/talent.efix.net\/pt\/","logo":{"@type":"ImageObject","inLanguage":"pt-BR","@id":"https:\/\/talent.efix.net\/pt\/#\/schema\/logo\/image\/","url":"https:\/\/talent.efix.net\/pt\/wp-content\/uploads\/sites\/2\/2024\/03\/logo.png","contentUrl":"https:\/\/talent.efix.net\/pt\/wp-content\/uploads\/sites\/2\/2024\/03\/logo.png","width":103,"height":77,"caption":"Efix"},"image":{"@id":"https:\/\/talent.efix.net\/pt\/#\/schema\/logo\/image\/"},"sameAs":["https:\/\/www.facebook.com\/efixnet","https:\/\/twitter.com\/EfixNet"]},{"@type":"Person","@id":"https:\/\/talent.efix.net\/pt\/#\/schema\/person\/0877fff8469b2b971a1b9b7e0ed245ce","name":"Admin Efix","image":{"@type":"ImageObject","inLanguage":"pt-BR","@id":"https:\/\/talent.efix.net\/pt\/#\/schema\/person\/image\/","url":"https:\/\/secure.gravatar.com\/avatar\/c390e50fa99d3e241ad3718032948a50?s=96&d=mm&r=g","contentUrl":"https:\/\/secure.gravatar.com\/avatar\/c390e50fa99d3e241ad3718032948a50?s=96&d=mm&r=g","caption":"Admin Efix"},"url":"https:\/\/talent.efix.net\/pt\/author\/admin\/"}]}},"_links":{"self":[{"href":"https:\/\/talent.efix.net\/pt\/wp-json\/wp\/v2\/posts\/484"}],"collection":[{"href":"https:\/\/talent.efix.net\/pt\/wp-json\/wp\/v2\/posts"}],"about":[{"href":"https:\/\/talent.efix.net\/pt\/wp-json\/wp\/v2\/types\/post"}],"author":[{"embeddable":true,"href":"https:\/\/talent.efix.net\/pt\/wp-json\/wp\/v2\/users\/1"}],"replies":[{"embeddable":true,"href":"https:\/\/talent.efix.net\/pt\/wp-json\/wp\/v2\/comments?post=484"}],"version-history":[{"count":1,"href":"https:\/\/talent.efix.net\/pt\/wp-json\/wp\/v2\/posts\/484\/revisions"}],"predecessor-version":[{"id":601,"href":"https:\/\/talent.efix.net\/pt\/wp-json\/wp\/v2\/posts\/484\/revisions\/601"}],"wp:attachment":[{"href":"https:\/\/talent.efix.net\/pt\/wp-json\/wp\/v2\/media?parent=484"}],"wp:term":[{"taxonomy":"category","embeddable":true,"href":"https:\/\/talent.efix.net\/pt\/wp-json\/wp\/v2\/categories?post=484"},{"taxonomy":"post_tag","embeddable":true,"href":"https:\/\/talent.efix.net\/pt\/wp-json\/wp\/v2\/tags?post=484"}],"curies":[{"name":"wp","href":"https:\/\/api.w.org\/{rel}","templated":true}]}}