{"id":2008,"date":"2016-08-05T09:40:06","date_gmt":"2016-08-05T12:40:06","guid":{"rendered":"http:\/\/talent.efix.net\/pt\/?p=2008"},"modified":"2017-01-23T12:51:40","modified_gmt":"2017-01-23T14:51:40","slug":"cultura-de-inovacao-faz-diferenca-durante-crise","status":"publish","type":"post","link":"https:\/\/talent.efix.net\/pt\/cultura-de-inovacao-faz-diferenca-durante-crise\/","title":{"rendered":"Cultura de inova\u00e7\u00e3o faz a diferen\u00e7a durante a crise"},"content":{"rendered":"<p>O crescimento saud\u00e1vel de uma empresa depende diretamente da capacidade de seus l\u00edderes de constru\u00edrem e manterem uma cultura consistente e inovadora. Ou seja, o simples fato de um profissional conseguir gerenciar algumas pessoas em um escrit\u00f3rio n\u00e3o significa que ele esteja pronto para gerir equipes maiores.<\/p>\n<p>Mais pessoas significam mais vozes, mais opini\u00f5es e, quando o time n\u00e3o est\u00e1 bem alinhado em torno dos mesmos objetivos, uma potencial dor de cabe\u00e7a. A situa\u00e7\u00e3o pode ser ainda mais ca\u00f3tica quando os funcion\u00e1rios est\u00e3o espalhados em m\u00faltiplas localidades, algo cada vez mais comum na atual din\u00e2mica do trabalho.<\/p>\n<p>Investir tempo e energia no bem estar do funcion\u00e1rio produz indiv\u00edduos mais dispostos a investir na empresa. Por isso, criar uma cultura organizacional agrad\u00e1vel para os empregados n\u00e3o \u00e9 apenas crucial para a moral do trabalhador, mas tamb\u00e9m \u00e9 necess\u00e1rio para atrair novos talentos e dar longevidade ao neg\u00f3cio, permitindo o crescimento saud\u00e1vel da empresa.<\/p>\n<p>Muitas empresas j\u00e1 perceberam que uma cultura organizacional \u201camada\u201d pelos funcion\u00e1rios tem rela\u00e7\u00e3o direta com o clima organizacional e, consequentemente, com os n\u00edveis de engajamento e desempenho e os resultados do neg\u00f3cio. As empresas de tecnologia t\u00eam se destacado nesse aspecto, em especial o Google, que h\u00e1 anos investe na manuten\u00e7\u00e3o de uma cultura \u00fanica que valoriza uma s\u00e9rie de caracter\u00edsticas chave em seus funcion\u00e1rios, como bom humor e capacidade de trabalhar em equipe.<\/p>\n<p><strong>Inova\u00e7\u00e3o \u00e9 essencial para enfrentar a crise<\/strong><\/p>\n<p>Muito al\u00e9m de uma cultura organizacional consistente, \u00e9 cada vez mais urgente que as empresas invistam na cria\u00e7\u00e3o de uma cultura de inova\u00e7\u00e3o para vencer os desafios atuais, em especial os trazidos pela crise. Isso exige dos l\u00edderes uma nova maneira de pensar sobre gest\u00e3o de talentos, recursos humanos e criatividade.<\/p>\n<p>Empresas com maior capacidade de adapta\u00e7\u00e3o s\u00e3o as que melhor se saem em cen\u00e1rios dif\u00edceis, e a melhor maneira de fechar as lacunas trazidas pela crise \u00e9 a inova\u00e7\u00e3o. Per\u00edodos de crise exigem novas ideias e novas sa\u00eddas. A maioria das empresas t\u00eam novas ideias de tempos em tempos, mas, para gerar bons resultados e n\u00e3o apenas sobreviver, \u00e9 preciso tornar as boas ideias um h\u00e1bito, n\u00e3o um mero acidente.<\/p>\n<p>Uma cultura de inova\u00e7\u00e3o depende de l\u00edderes que n\u00e3o apenas saibam gerir grupos de pessoas, mas que tamb\u00e9m sejam criativos. N\u00e3o \u00e9 apenas uma quest\u00e3o de efici\u00eancia, pois seu papel n\u00e3o \u00e9 comandar, mas controlar o clima organizacional para facilitar uma cultura em que todos tenham boas ideias.<\/p>\n<p>Avalia\u00e7\u00f5es constantes do clima organizacional s\u00e3o importantes nesse processo, pois ajudam a dar aos funcion\u00e1rios objetivos comuns e consistentes, tornando mais f\u00e1cil para os gestores a identifica\u00e7\u00e3o de problemas e o monitoramento do clima.<\/p>\n<p>Independente do quanto uma empresa invista em uma forte cultura de inova\u00e7\u00e3o, sem l\u00edderes criativos capazes de zelar pelo clima organizacional e proporcionar um ambiente favor\u00e1vel \u00e0s novas ideias, os funcion\u00e1rios n\u00e3o ter\u00e3o o desempenho desejado e as empresas continuar\u00e3o apenas \u201csobrevivendo\u201d, sem gerar os resultados esperados.<\/p>\n","protected":false},"excerpt":{"rendered":"<p>O crescimento saud\u00e1vel de uma empresa depende diretamente da capacidade de seus l\u00edderes de constru\u00edrem e manterem uma cultura consistente e inovadora. Ou seja, o simples fato de um profissional conseguir gerenciar algumas pessoas em um escrit\u00f3rio n\u00e3o significa que ele esteja pronto para gerir equipes maiores. Mais pessoas significam mais vozes, mais opini\u00f5es e, quando o time n\u00e3o est\u00e1 bem alinhado em torno dos mesmos objetivos, uma potencial dor de cabe\u00e7a. A situa\u00e7\u00e3o pode ser ainda mais ca\u00f3tica quando os funcion\u00e1rios est\u00e3o espalhados em m\u00faltiplas localidades, algo cada vez mais comum na atual din\u00e2mica do trabalho. Investir tempo e [&hellip;]<\/p>\n","protected":false},"author":7,"featured_media":0,"comment_status":"open","ping_status":"open","sticky":false,"template":"","format":"standard","meta":{"footnotes":""},"categories":[3],"tags":[],"yoast_head":"<!-- This site is optimized with the Yoast SEO plugin v22.2 - https:\/\/yoast.com\/wordpress\/plugins\/seo\/ -->\n<title>Cultura de inova\u00e7\u00e3o faz a diferen\u00e7a durante a crise | Efix Portugu\u00eas<\/title>\n<meta name=\"description\" content=\"Cultivar uma cultura de inova\u00e7\u00e3o dentro da empresa pode fazer toda a diferen\u00e7a na hora de enfrentar as crises.\" \/>\n<meta name=\"robots\" content=\"index, follow, max-snippet:-1, max-image-preview:large, max-video-preview:-1\" \/>\n<link rel=\"canonical\" href=\"https:\/\/talent.efix.net\/pt\/cultura-de-inovacao-faz-diferenca-durante-crise\/\" \/>\n<meta property=\"og:locale\" content=\"pt_BR\" \/>\n<meta property=\"og:type\" content=\"article\" \/>\n<meta property=\"og:title\" content=\"Cultura de inova\u00e7\u00e3o faz a diferen\u00e7a durante a crise | Efix Portugu\u00eas\" \/>\n<meta property=\"og:description\" content=\"Cultivar uma cultura de inova\u00e7\u00e3o dentro da empresa pode fazer toda a diferen\u00e7a na hora de enfrentar as crises.\" \/>\n<meta property=\"og:url\" content=\"https:\/\/talent.efix.net\/pt\/cultura-de-inovacao-faz-diferenca-durante-crise\/\" \/>\n<meta property=\"og:site_name\" content=\"Efix Portugu\u00eas\" \/>\n<meta property=\"article:publisher\" content=\"https:\/\/www.facebook.com\/efixnet\" \/>\n<meta property=\"article:published_time\" content=\"2016-08-05T12:40:06+00:00\" \/>\n<meta property=\"article:modified_time\" content=\"2017-01-23T14:51:40+00:00\" \/>\n<meta property=\"og:image\" content=\"https:\/\/talent.efix.net\/pt\/wp-content\/uploads\/sites\/2\/2024\/03\/logo.png\" \/>\n\t<meta property=\"og:image:width\" content=\"103\" \/>\n\t<meta property=\"og:image:height\" content=\"77\" \/>\n\t<meta property=\"og:image:type\" content=\"image\/png\" \/>\n<meta name=\"author\" content=\"Andr\u00e9\" \/>\n<meta name=\"twitter:card\" content=\"summary_large_image\" \/>\n<meta name=\"twitter:creator\" content=\"@EfixNet\" \/>\n<meta name=\"twitter:site\" content=\"@EfixNet\" \/>\n<meta name=\"twitter:label1\" content=\"Escrito por\" \/>\n\t<meta name=\"twitter:data1\" content=\"Andr\u00e9\" \/>\n\t<meta name=\"twitter:label2\" content=\"Est. tempo de leitura\" \/>\n\t<meta name=\"twitter:data2\" content=\"3 minutos\" \/>\n<script type=\"application\/ld+json\" class=\"yoast-schema-graph\">{\"@context\":\"https:\/\/schema.org\",\"@graph\":[{\"@type\":\"Article\",\"@id\":\"https:\/\/talent.efix.net\/pt\/cultura-de-inovacao-faz-diferenca-durante-crise\/#article\",\"isPartOf\":{\"@id\":\"https:\/\/talent.efix.net\/pt\/cultura-de-inovacao-faz-diferenca-durante-crise\/\"},\"author\":{\"name\":\"Andr\u00e9\",\"@id\":\"https:\/\/talent.efix.net\/pt\/#\/schema\/person\/a5699a32662861ccd03c1fc4140cbf77\"},\"headline\":\"Cultura de inova\u00e7\u00e3o faz a diferen\u00e7a durante a crise\",\"datePublished\":\"2016-08-05T12:40:06+00:00\",\"dateModified\":\"2017-01-23T14:51:40+00:00\",\"mainEntityOfPage\":{\"@id\":\"https:\/\/talent.efix.net\/pt\/cultura-de-inovacao-faz-diferenca-durante-crise\/\"},\"wordCount\":554,\"commentCount\":0,\"publisher\":{\"@id\":\"https:\/\/talent.efix.net\/pt\/#organization\"},\"articleSection\":[\"Not\u00edcias\"],\"inLanguage\":\"pt-BR\",\"potentialAction\":[{\"@type\":\"CommentAction\",\"name\":\"Comment\",\"target\":[\"https:\/\/talent.efix.net\/pt\/cultura-de-inovacao-faz-diferenca-durante-crise\/#respond\"]}]},{\"@type\":\"WebPage\",\"@id\":\"https:\/\/talent.efix.net\/pt\/cultura-de-inovacao-faz-diferenca-durante-crise\/\",\"url\":\"https:\/\/talent.efix.net\/pt\/cultura-de-inovacao-faz-diferenca-durante-crise\/\",\"name\":\"Cultura de inova\u00e7\u00e3o faz a diferen\u00e7a durante a crise | Efix Portugu\u00eas\",\"isPartOf\":{\"@id\":\"https:\/\/talent.efix.net\/pt\/#website\"},\"datePublished\":\"2016-08-05T12:40:06+00:00\",\"dateModified\":\"2017-01-23T14:51:40+00:00\",\"description\":\"Cultivar uma cultura de inova\u00e7\u00e3o dentro da empresa pode fazer toda a diferen\u00e7a na hora de enfrentar as crises.\",\"breadcrumb\":{\"@id\":\"https:\/\/talent.efix.net\/pt\/cultura-de-inovacao-faz-diferenca-durante-crise\/#breadcrumb\"},\"inLanguage\":\"pt-BR\",\"potentialAction\":[{\"@type\":\"ReadAction\",\"target\":[\"https:\/\/talent.efix.net\/pt\/cultura-de-inovacao-faz-diferenca-durante-crise\/\"]}]},{\"@type\":\"BreadcrumbList\",\"@id\":\"https:\/\/talent.efix.net\/pt\/cultura-de-inovacao-faz-diferenca-durante-crise\/#breadcrumb\",\"itemListElement\":[{\"@type\":\"ListItem\",\"position\":1,\"name\":\"Home\",\"item\":\"https:\/\/talent.efix.net\/pt\/\"},{\"@type\":\"ListItem\",\"position\":2,\"name\":\"Cultura de inova\u00e7\u00e3o faz a diferen\u00e7a durante a crise\"}]},{\"@type\":\"WebSite\",\"@id\":\"https:\/\/talent.efix.net\/pt\/#website\",\"url\":\"https:\/\/talent.efix.net\/pt\/\",\"name\":\"Efix\",\"description\":\"Solu\u00e7\u00f5es para Gest\u00e3o e Desenvolvimento de Pessoas\",\"publisher\":{\"@id\":\"https:\/\/talent.efix.net\/pt\/#organization\"},\"potentialAction\":[{\"@type\":\"SearchAction\",\"target\":{\"@type\":\"EntryPoint\",\"urlTemplate\":\"https:\/\/talent.efix.net\/pt\/?s={search_term_string}\"},\"query-input\":\"required name=search_term_string\"}],\"inLanguage\":\"pt-BR\"},{\"@type\":\"Organization\",\"@id\":\"https:\/\/talent.efix.net\/pt\/#organization\",\"name\":\"Efix\",\"url\":\"https:\/\/talent.efix.net\/pt\/\",\"logo\":{\"@type\":\"ImageObject\",\"inLanguage\":\"pt-BR\",\"@id\":\"https:\/\/talent.efix.net\/pt\/#\/schema\/logo\/image\/\",\"url\":\"https:\/\/talent.efix.net\/pt\/wp-content\/uploads\/sites\/2\/2024\/03\/logo.png\",\"contentUrl\":\"https:\/\/talent.efix.net\/pt\/wp-content\/uploads\/sites\/2\/2024\/03\/logo.png\",\"width\":103,\"height\":77,\"caption\":\"Efix\"},\"image\":{\"@id\":\"https:\/\/talent.efix.net\/pt\/#\/schema\/logo\/image\/\"},\"sameAs\":[\"https:\/\/www.facebook.com\/efixnet\",\"https:\/\/twitter.com\/EfixNet\"]},{\"@type\":\"Person\",\"@id\":\"https:\/\/talent.efix.net\/pt\/#\/schema\/person\/a5699a32662861ccd03c1fc4140cbf77\",\"name\":\"Andr\u00e9\",\"image\":{\"@type\":\"ImageObject\",\"inLanguage\":\"pt-BR\",\"@id\":\"https:\/\/talent.efix.net\/pt\/#\/schema\/person\/image\/\",\"url\":\"https:\/\/secure.gravatar.com\/avatar\/c26ab02478d05c53900e47608132a94c?s=96&d=mm&r=g\",\"contentUrl\":\"https:\/\/secure.gravatar.com\/avatar\/c26ab02478d05c53900e47608132a94c?s=96&d=mm&r=g\",\"caption\":\"Andr\u00e9\"},\"url\":\"https:\/\/talent.efix.net\/pt\/author\/intelligenzia\/\"}]}<\/script>\n<!-- \/ Yoast SEO plugin. -->","yoast_head_json":{"title":"Cultura de inova\u00e7\u00e3o faz a diferen\u00e7a durante a crise | Efix Portugu\u00eas","description":"Cultivar uma cultura de inova\u00e7\u00e3o dentro da empresa pode fazer toda a diferen\u00e7a na hora de enfrentar as crises.","robots":{"index":"index","follow":"follow","max-snippet":"max-snippet:-1","max-image-preview":"max-image-preview:large","max-video-preview":"max-video-preview:-1"},"canonical":"https:\/\/talent.efix.net\/pt\/cultura-de-inovacao-faz-diferenca-durante-crise\/","og_locale":"pt_BR","og_type":"article","og_title":"Cultura de inova\u00e7\u00e3o faz a diferen\u00e7a durante a crise | Efix Portugu\u00eas","og_description":"Cultivar uma cultura de inova\u00e7\u00e3o dentro da empresa pode fazer toda a diferen\u00e7a na hora de enfrentar as crises.","og_url":"https:\/\/talent.efix.net\/pt\/cultura-de-inovacao-faz-diferenca-durante-crise\/","og_site_name":"Efix Portugu\u00eas","article_publisher":"https:\/\/www.facebook.com\/efixnet","article_published_time":"2016-08-05T12:40:06+00:00","article_modified_time":"2017-01-23T14:51:40+00:00","og_image":[{"width":103,"height":77,"url":"https:\/\/talent.efix.net\/pt\/wp-content\/uploads\/sites\/2\/2024\/03\/logo.png","type":"image\/png"}],"author":"Andr\u00e9","twitter_card":"summary_large_image","twitter_creator":"@EfixNet","twitter_site":"@EfixNet","twitter_misc":{"Escrito por":"Andr\u00e9","Est. tempo de leitura":"3 minutos"},"schema":{"@context":"https:\/\/schema.org","@graph":[{"@type":"Article","@id":"https:\/\/talent.efix.net\/pt\/cultura-de-inovacao-faz-diferenca-durante-crise\/#article","isPartOf":{"@id":"https:\/\/talent.efix.net\/pt\/cultura-de-inovacao-faz-diferenca-durante-crise\/"},"author":{"name":"Andr\u00e9","@id":"https:\/\/talent.efix.net\/pt\/#\/schema\/person\/a5699a32662861ccd03c1fc4140cbf77"},"headline":"Cultura de inova\u00e7\u00e3o faz a diferen\u00e7a durante a crise","datePublished":"2016-08-05T12:40:06+00:00","dateModified":"2017-01-23T14:51:40+00:00","mainEntityOfPage":{"@id":"https:\/\/talent.efix.net\/pt\/cultura-de-inovacao-faz-diferenca-durante-crise\/"},"wordCount":554,"commentCount":0,"publisher":{"@id":"https:\/\/talent.efix.net\/pt\/#organization"},"articleSection":["Not\u00edcias"],"inLanguage":"pt-BR","potentialAction":[{"@type":"CommentAction","name":"Comment","target":["https:\/\/talent.efix.net\/pt\/cultura-de-inovacao-faz-diferenca-durante-crise\/#respond"]}]},{"@type":"WebPage","@id":"https:\/\/talent.efix.net\/pt\/cultura-de-inovacao-faz-diferenca-durante-crise\/","url":"https:\/\/talent.efix.net\/pt\/cultura-de-inovacao-faz-diferenca-durante-crise\/","name":"Cultura de inova\u00e7\u00e3o faz a diferen\u00e7a durante a crise | Efix Portugu\u00eas","isPartOf":{"@id":"https:\/\/talent.efix.net\/pt\/#website"},"datePublished":"2016-08-05T12:40:06+00:00","dateModified":"2017-01-23T14:51:40+00:00","description":"Cultivar uma cultura de inova\u00e7\u00e3o dentro da empresa pode fazer toda a diferen\u00e7a na hora de enfrentar as crises.","breadcrumb":{"@id":"https:\/\/talent.efix.net\/pt\/cultura-de-inovacao-faz-diferenca-durante-crise\/#breadcrumb"},"inLanguage":"pt-BR","potentialAction":[{"@type":"ReadAction","target":["https:\/\/talent.efix.net\/pt\/cultura-de-inovacao-faz-diferenca-durante-crise\/"]}]},{"@type":"BreadcrumbList","@id":"https:\/\/talent.efix.net\/pt\/cultura-de-inovacao-faz-diferenca-durante-crise\/#breadcrumb","itemListElement":[{"@type":"ListItem","position":1,"name":"Home","item":"https:\/\/talent.efix.net\/pt\/"},{"@type":"ListItem","position":2,"name":"Cultura de inova\u00e7\u00e3o faz a diferen\u00e7a durante a crise"}]},{"@type":"WebSite","@id":"https:\/\/talent.efix.net\/pt\/#website","url":"https:\/\/talent.efix.net\/pt\/","name":"Efix","description":"Solu\u00e7\u00f5es para Gest\u00e3o e Desenvolvimento de Pessoas","publisher":{"@id":"https:\/\/talent.efix.net\/pt\/#organization"},"potentialAction":[{"@type":"SearchAction","target":{"@type":"EntryPoint","urlTemplate":"https:\/\/talent.efix.net\/pt\/?s={search_term_string}"},"query-input":"required name=search_term_string"}],"inLanguage":"pt-BR"},{"@type":"Organization","@id":"https:\/\/talent.efix.net\/pt\/#organization","name":"Efix","url":"https:\/\/talent.efix.net\/pt\/","logo":{"@type":"ImageObject","inLanguage":"pt-BR","@id":"https:\/\/talent.efix.net\/pt\/#\/schema\/logo\/image\/","url":"https:\/\/talent.efix.net\/pt\/wp-content\/uploads\/sites\/2\/2024\/03\/logo.png","contentUrl":"https:\/\/talent.efix.net\/pt\/wp-content\/uploads\/sites\/2\/2024\/03\/logo.png","width":103,"height":77,"caption":"Efix"},"image":{"@id":"https:\/\/talent.efix.net\/pt\/#\/schema\/logo\/image\/"},"sameAs":["https:\/\/www.facebook.com\/efixnet","https:\/\/twitter.com\/EfixNet"]},{"@type":"Person","@id":"https:\/\/talent.efix.net\/pt\/#\/schema\/person\/a5699a32662861ccd03c1fc4140cbf77","name":"Andr\u00e9","image":{"@type":"ImageObject","inLanguage":"pt-BR","@id":"https:\/\/talent.efix.net\/pt\/#\/schema\/person\/image\/","url":"https:\/\/secure.gravatar.com\/avatar\/c26ab02478d05c53900e47608132a94c?s=96&d=mm&r=g","contentUrl":"https:\/\/secure.gravatar.com\/avatar\/c26ab02478d05c53900e47608132a94c?s=96&d=mm&r=g","caption":"Andr\u00e9"},"url":"https:\/\/talent.efix.net\/pt\/author\/intelligenzia\/"}]}},"_links":{"self":[{"href":"https:\/\/talent.efix.net\/pt\/wp-json\/wp\/v2\/posts\/2008"}],"collection":[{"href":"https:\/\/talent.efix.net\/pt\/wp-json\/wp\/v2\/posts"}],"about":[{"href":"https:\/\/talent.efix.net\/pt\/wp-json\/wp\/v2\/types\/post"}],"author":[{"embeddable":true,"href":"https:\/\/talent.efix.net\/pt\/wp-json\/wp\/v2\/users\/7"}],"replies":[{"embeddable":true,"href":"https:\/\/talent.efix.net\/pt\/wp-json\/wp\/v2\/comments?post=2008"}],"version-history":[{"count":1,"href":"https:\/\/talent.efix.net\/pt\/wp-json\/wp\/v2\/posts\/2008\/revisions"}],"predecessor-version":[{"id":2009,"href":"https:\/\/talent.efix.net\/pt\/wp-json\/wp\/v2\/posts\/2008\/revisions\/2009"}],"wp:attachment":[{"href":"https:\/\/talent.efix.net\/pt\/wp-json\/wp\/v2\/media?parent=2008"}],"wp:term":[{"taxonomy":"category","embeddable":true,"href":"https:\/\/talent.efix.net\/pt\/wp-json\/wp\/v2\/categories?post=2008"},{"taxonomy":"post_tag","embeddable":true,"href":"https:\/\/talent.efix.net\/pt\/wp-json\/wp\/v2\/tags?post=2008"}],"curies":[{"name":"wp","href":"https:\/\/api.w.org\/{rel}","templated":true}]}}