{"id":1996,"date":"2016-06-13T17:13:56","date_gmt":"2016-06-13T20:13:56","guid":{"rendered":"http:\/\/talent.efix.net\/pt\/?p=1996"},"modified":"2016-08-17T09:42:47","modified_gmt":"2016-08-17T12:42:47","slug":"faca-gestao-de-desempenho-antes-que-os-melhores-profissionais-saiam-da-organizacao","status":"publish","type":"post","link":"https:\/\/talent.efix.net\/pt\/faca-gestao-de-desempenho-antes-que-os-melhores-profissionais-saiam-da-organizacao\/","title":{"rendered":"Fa\u00e7a a gest\u00e3o de desempenho antes que os melhores profissionais saiam da organiza\u00e7\u00e3o"},"content":{"rendered":"<p>Muitas empresas t\u00eam dificuldades para criar um projeto de gest\u00e3o de desempenho e isso pode ser desastroso, pois, sem um processo formal de avalia\u00e7\u00e3o, n\u00e3o se tem informa\u00e7\u00f5es dispon\u00edveis para identificar os funcion\u00e1rios com melhor performance. E sem este mapeamento, as organiza\u00e7\u00f5es n\u00e3o conseguem criar a\u00e7\u00f5es para reten\u00e7\u00e3o destas pessoas chaves para o sucesso da empresa.<\/p>\n<p>Logo ap\u00f3s as primeiras avalia\u00e7\u00f5es de desempenho, j\u00e1 \u00e9 poss\u00edvel identificar quem s\u00e3o os talentos. Quando se descobre que eles est\u00e3o insatisfeitos, o que fazer para resolver o problema? Como criar uma estrat\u00e9gia para gerir a performance antes que os melhores talentos saiam da organiza\u00e7\u00e3o?<\/p>\n<p>Conhe\u00e7a algumas maneiras de estruturar um projeto de gest\u00e3o de desempenho eficiente:<\/p>\n<p><strong>Entenda os planos de carreira<\/strong><\/p>\n<p>Os gestores devem entender quais s\u00e3o as \u00e1reas em que seus funcion\u00e1rios querem se desenvolver e crescer. Esse assunto \u00e9 extremamente importante e pode ser abordado, durante as sess\u00f5es de avalia\u00e7\u00e3o de desempenho. Os funcion\u00e1rios querem receber treinamento e ganhar experi\u00eancia para crescer. As empresas podem aproveitar essa oportunidade de satisfaz\u00ea-los, oferecendo apoio em a\u00e7\u00f5es de desenvolvimento, proporcionando op\u00e7\u00f5es de treinamento profissional.<\/p>\n<p><strong>Feedbacks equilibrados<\/strong><\/p>\n<p>Profissionais de alto desempenho precisam de um feedback detalhado sobre seus pontos fortes e as \u00e1reas em que podem melhorar. Isso ajuda a mant\u00ea-los engajados por meio do desenvolvimento de habilidades nas quais ficaram aqu\u00e9m do esperado. Al\u00e9m de incluir os aspectos que podem ser melhorados, \u00e9 importante que o bom trabalho desses profissionais seja valorizado. No ambiente corporativo, \u00e9 comum encontrarmos profissionais de alto desempenho que se sobressaem naturalmente, enquanto outros tendem a passar despercebidos. A avalia\u00e7\u00e3o de desempenho \u00e9 o momento ideal para dar aos funcion\u00e1rios mais \u201cintrospectivos\u201d um feedback equilibrado e o reconhecimento necess\u00e1rio.<\/p>\n<p><strong>Inclus\u00e3o de evid\u00eancias<\/strong><\/p>\n<p>Al\u00e9m de um feedback detalhado, a gest\u00e3o de desempenho deve incluir tamb\u00e9m os pr\u00f3s e contras do trabalho realizado durante o per\u00edodo avaliado. O gestor deve incluir exemplos espec\u00edficos que traduzam facilmente como o feedback oferecido pode ser transformado em a\u00e7\u00f5es que levar\u00e3o ao alcance de um objetivo maior para a empresa e para o funcion\u00e1rio. Se um profissional fez um \u00f3timo trabalho, mas o finalizou com atraso, por exemplo, isso deve ser exposto.<\/p>\n<p>\u00c9 importante que a gest\u00e3o de desempenho incentive uma cultura de responsabilidade. \u00c9 dif\u00edcil se sair extremamente bem em um trabalho, quando n\u00e3o se sente verdadeiramente respons\u00e1vel por ele.<\/p>\n<p><strong>Evite as surpresas<\/strong><\/p>\n<p>Mantenha um processo de avalia\u00e7\u00e3o de desempenho cont\u00ednuo para evitar surpresas. \u00c9 importante que os funcion\u00e1rios saibam exatamente como est\u00e3o indo para evitar que se surpreendam negativamente. Profissionais de alto desempenho s\u00e3o muito mais produtivos e, ao surpreend\u00ea-los negativamente, a empresa corre o risco de afugent\u00e1-los. Al\u00e9m de mais produtivos, eles s\u00e3o mais engajados e, geralmente, t\u00eam mais tempo de empresa do que seus colegas. Uma boa gest\u00e3o de desempenho pode evitar as surpresas negativas, minimizando o risco de perd\u00ea-lo.<\/p>\n<p>Com esses elementos, as empresas podem criar bons projetos de gest\u00e3o de desempenho e manter seus melhores profissionais satisfeitos e engajados.<\/p>\n","protected":false},"excerpt":{"rendered":"<p>Muitas empresas t\u00eam dificuldades para criar um projeto de gest\u00e3o de desempenho e isso pode ser desastroso, pois, sem um processo formal de avalia\u00e7\u00e3o, n\u00e3o se tem informa\u00e7\u00f5es dispon\u00edveis para identificar os funcion\u00e1rios com melhor performance. E sem este mapeamento, as organiza\u00e7\u00f5es n\u00e3o conseguem criar a\u00e7\u00f5es para reten\u00e7\u00e3o destas pessoas chaves para o sucesso da empresa. Logo ap\u00f3s as primeiras avalia\u00e7\u00f5es de desempenho, j\u00e1 \u00e9 poss\u00edvel identificar quem s\u00e3o os talentos. Quando se descobre que eles est\u00e3o insatisfeitos, o que fazer para resolver o problema? Como criar uma estrat\u00e9gia para gerir a performance antes que os melhores talentos saiam da [&hellip;]<\/p>\n","protected":false},"author":7,"featured_media":0,"comment_status":"open","ping_status":"open","sticky":false,"template":"","format":"standard","meta":{"footnotes":""},"categories":[3],"tags":[39,77,69,20],"yoast_head":"<!-- This site is optimized with the Yoast SEO plugin v22.2 - https:\/\/yoast.com\/wordpress\/plugins\/seo\/ -->\n<title>Fa\u00e7a a gest\u00e3o de desempenho antes que os melhores profissionais saiam da organiza\u00e7\u00e3o | Efix Portugu\u00eas<\/title>\n<meta name=\"description\" content=\"Uma gest\u00e3o de desempenho bem realizada \u00e9 a melhor maneira de aumentar a reten\u00e7\u00e3o dos funcion\u00e1rios da sua empresa.\" \/>\n<meta name=\"robots\" content=\"index, follow, max-snippet:-1, max-image-preview:large, max-video-preview:-1\" \/>\n<link rel=\"canonical\" href=\"https:\/\/talent.efix.net\/pt\/faca-gestao-de-desempenho-antes-que-os-melhores-profissionais-saiam-da-organizacao\/\" \/>\n<meta property=\"og:locale\" content=\"pt_BR\" \/>\n<meta property=\"og:type\" content=\"article\" \/>\n<meta property=\"og:title\" content=\"Fa\u00e7a a gest\u00e3o de desempenho antes que os melhores profissionais saiam da organiza\u00e7\u00e3o | Efix Portugu\u00eas\" \/>\n<meta property=\"og:description\" content=\"Uma gest\u00e3o de desempenho bem realizada \u00e9 a melhor maneira de aumentar a reten\u00e7\u00e3o dos funcion\u00e1rios da sua empresa.\" \/>\n<meta property=\"og:url\" content=\"https:\/\/talent.efix.net\/pt\/faca-gestao-de-desempenho-antes-que-os-melhores-profissionais-saiam-da-organizacao\/\" \/>\n<meta property=\"og:site_name\" content=\"Efix Portugu\u00eas\" \/>\n<meta property=\"article:publisher\" content=\"https:\/\/www.facebook.com\/efixnet\" \/>\n<meta property=\"article:published_time\" content=\"2016-06-13T20:13:56+00:00\" \/>\n<meta property=\"article:modified_time\" content=\"2016-08-17T12:42:47+00:00\" \/>\n<meta property=\"og:image\" content=\"https:\/\/talent.efix.net\/pt\/wp-content\/uploads\/sites\/2\/2024\/03\/logo.png\" \/>\n\t<meta property=\"og:image:width\" content=\"103\" \/>\n\t<meta property=\"og:image:height\" content=\"77\" \/>\n\t<meta property=\"og:image:type\" content=\"image\/png\" \/>\n<meta name=\"author\" content=\"Andr\u00e9\" \/>\n<meta name=\"twitter:card\" content=\"summary_large_image\" \/>\n<meta name=\"twitter:creator\" content=\"@EfixNet\" \/>\n<meta name=\"twitter:site\" content=\"@EfixNet\" \/>\n<meta name=\"twitter:label1\" content=\"Escrito por\" \/>\n\t<meta name=\"twitter:data1\" content=\"Andr\u00e9\" \/>\n\t<meta name=\"twitter:label2\" content=\"Est. tempo de leitura\" \/>\n\t<meta name=\"twitter:data2\" content=\"3 minutos\" \/>\n<script type=\"application\/ld+json\" class=\"yoast-schema-graph\">{\"@context\":\"https:\/\/schema.org\",\"@graph\":[{\"@type\":\"Article\",\"@id\":\"https:\/\/talent.efix.net\/pt\/faca-gestao-de-desempenho-antes-que-os-melhores-profissionais-saiam-da-organizacao\/#article\",\"isPartOf\":{\"@id\":\"https:\/\/talent.efix.net\/pt\/faca-gestao-de-desempenho-antes-que-os-melhores-profissionais-saiam-da-organizacao\/\"},\"author\":{\"name\":\"Andr\u00e9\",\"@id\":\"https:\/\/talent.efix.net\/pt\/#\/schema\/person\/a5699a32662861ccd03c1fc4140cbf77\"},\"headline\":\"Fa\u00e7a a gest\u00e3o de desempenho antes que os melhores profissionais saiam da organiza\u00e7\u00e3o\",\"datePublished\":\"2016-06-13T20:13:56+00:00\",\"dateModified\":\"2016-08-17T12:42:47+00:00\",\"mainEntityOfPage\":{\"@id\":\"https:\/\/talent.efix.net\/pt\/faca-gestao-de-desempenho-antes-que-os-melhores-profissionais-saiam-da-organizacao\/\"},\"wordCount\":560,\"commentCount\":0,\"publisher\":{\"@id\":\"https:\/\/talent.efix.net\/pt\/#organization\"},\"keywords\":[\"#reten\u00e7\u00e3odetalentos\",\"engajamento e performance\",\"feedbacks honestos\",\"Gest\u00e3o de Pessoas\"],\"articleSection\":[\"Not\u00edcias\"],\"inLanguage\":\"pt-BR\",\"potentialAction\":[{\"@type\":\"CommentAction\",\"name\":\"Comment\",\"target\":[\"https:\/\/talent.efix.net\/pt\/faca-gestao-de-desempenho-antes-que-os-melhores-profissionais-saiam-da-organizacao\/#respond\"]}]},{\"@type\":\"WebPage\",\"@id\":\"https:\/\/talent.efix.net\/pt\/faca-gestao-de-desempenho-antes-que-os-melhores-profissionais-saiam-da-organizacao\/\",\"url\":\"https:\/\/talent.efix.net\/pt\/faca-gestao-de-desempenho-antes-que-os-melhores-profissionais-saiam-da-organizacao\/\",\"name\":\"Fa\u00e7a a gest\u00e3o de desempenho antes que os melhores profissionais saiam da organiza\u00e7\u00e3o | Efix Portugu\u00eas\",\"isPartOf\":{\"@id\":\"https:\/\/talent.efix.net\/pt\/#website\"},\"datePublished\":\"2016-06-13T20:13:56+00:00\",\"dateModified\":\"2016-08-17T12:42:47+00:00\",\"description\":\"Uma gest\u00e3o de desempenho bem realizada \u00e9 a melhor maneira de aumentar a reten\u00e7\u00e3o dos funcion\u00e1rios da sua empresa.\",\"breadcrumb\":{\"@id\":\"https:\/\/talent.efix.net\/pt\/faca-gestao-de-desempenho-antes-que-os-melhores-profissionais-saiam-da-organizacao\/#breadcrumb\"},\"inLanguage\":\"pt-BR\",\"potentialAction\":[{\"@type\":\"ReadAction\",\"target\":[\"https:\/\/talent.efix.net\/pt\/faca-gestao-de-desempenho-antes-que-os-melhores-profissionais-saiam-da-organizacao\/\"]}]},{\"@type\":\"BreadcrumbList\",\"@id\":\"https:\/\/talent.efix.net\/pt\/faca-gestao-de-desempenho-antes-que-os-melhores-profissionais-saiam-da-organizacao\/#breadcrumb\",\"itemListElement\":[{\"@type\":\"ListItem\",\"position\":1,\"name\":\"Home\",\"item\":\"https:\/\/talent.efix.net\/pt\/\"},{\"@type\":\"ListItem\",\"position\":2,\"name\":\"Fa\u00e7a a gest\u00e3o de desempenho antes que os melhores profissionais saiam da organiza\u00e7\u00e3o\"}]},{\"@type\":\"WebSite\",\"@id\":\"https:\/\/talent.efix.net\/pt\/#website\",\"url\":\"https:\/\/talent.efix.net\/pt\/\",\"name\":\"Efix\",\"description\":\"Solu\u00e7\u00f5es para Gest\u00e3o e Desenvolvimento de Pessoas\",\"publisher\":{\"@id\":\"https:\/\/talent.efix.net\/pt\/#organization\"},\"potentialAction\":[{\"@type\":\"SearchAction\",\"target\":{\"@type\":\"EntryPoint\",\"urlTemplate\":\"https:\/\/talent.efix.net\/pt\/?s={search_term_string}\"},\"query-input\":\"required name=search_term_string\"}],\"inLanguage\":\"pt-BR\"},{\"@type\":\"Organization\",\"@id\":\"https:\/\/talent.efix.net\/pt\/#organization\",\"name\":\"Efix\",\"url\":\"https:\/\/talent.efix.net\/pt\/\",\"logo\":{\"@type\":\"ImageObject\",\"inLanguage\":\"pt-BR\",\"@id\":\"https:\/\/talent.efix.net\/pt\/#\/schema\/logo\/image\/\",\"url\":\"https:\/\/talent.efix.net\/pt\/wp-content\/uploads\/sites\/2\/2024\/03\/logo.png\",\"contentUrl\":\"https:\/\/talent.efix.net\/pt\/wp-content\/uploads\/sites\/2\/2024\/03\/logo.png\",\"width\":103,\"height\":77,\"caption\":\"Efix\"},\"image\":{\"@id\":\"https:\/\/talent.efix.net\/pt\/#\/schema\/logo\/image\/\"},\"sameAs\":[\"https:\/\/www.facebook.com\/efixnet\",\"https:\/\/twitter.com\/EfixNet\"]},{\"@type\":\"Person\",\"@id\":\"https:\/\/talent.efix.net\/pt\/#\/schema\/person\/a5699a32662861ccd03c1fc4140cbf77\",\"name\":\"Andr\u00e9\",\"image\":{\"@type\":\"ImageObject\",\"inLanguage\":\"pt-BR\",\"@id\":\"https:\/\/talent.efix.net\/pt\/#\/schema\/person\/image\/\",\"url\":\"https:\/\/secure.gravatar.com\/avatar\/c26ab02478d05c53900e47608132a94c?s=96&d=mm&r=g\",\"contentUrl\":\"https:\/\/secure.gravatar.com\/avatar\/c26ab02478d05c53900e47608132a94c?s=96&d=mm&r=g\",\"caption\":\"Andr\u00e9\"},\"url\":\"https:\/\/talent.efix.net\/pt\/author\/intelligenzia\/\"}]}<\/script>\n<!-- \/ Yoast SEO plugin. -->","yoast_head_json":{"title":"Fa\u00e7a a gest\u00e3o de desempenho antes que os melhores profissionais saiam da organiza\u00e7\u00e3o | Efix Portugu\u00eas","description":"Uma gest\u00e3o de desempenho bem realizada \u00e9 a melhor maneira de aumentar a reten\u00e7\u00e3o dos funcion\u00e1rios da sua empresa.","robots":{"index":"index","follow":"follow","max-snippet":"max-snippet:-1","max-image-preview":"max-image-preview:large","max-video-preview":"max-video-preview:-1"},"canonical":"https:\/\/talent.efix.net\/pt\/faca-gestao-de-desempenho-antes-que-os-melhores-profissionais-saiam-da-organizacao\/","og_locale":"pt_BR","og_type":"article","og_title":"Fa\u00e7a a gest\u00e3o de desempenho antes que os melhores profissionais saiam da organiza\u00e7\u00e3o | Efix Portugu\u00eas","og_description":"Uma gest\u00e3o de desempenho bem realizada \u00e9 a melhor maneira de aumentar a reten\u00e7\u00e3o dos funcion\u00e1rios da sua empresa.","og_url":"https:\/\/talent.efix.net\/pt\/faca-gestao-de-desempenho-antes-que-os-melhores-profissionais-saiam-da-organizacao\/","og_site_name":"Efix Portugu\u00eas","article_publisher":"https:\/\/www.facebook.com\/efixnet","article_published_time":"2016-06-13T20:13:56+00:00","article_modified_time":"2016-08-17T12:42:47+00:00","og_image":[{"width":103,"height":77,"url":"https:\/\/talent.efix.net\/pt\/wp-content\/uploads\/sites\/2\/2024\/03\/logo.png","type":"image\/png"}],"author":"Andr\u00e9","twitter_card":"summary_large_image","twitter_creator":"@EfixNet","twitter_site":"@EfixNet","twitter_misc":{"Escrito por":"Andr\u00e9","Est. tempo de leitura":"3 minutos"},"schema":{"@context":"https:\/\/schema.org","@graph":[{"@type":"Article","@id":"https:\/\/talent.efix.net\/pt\/faca-gestao-de-desempenho-antes-que-os-melhores-profissionais-saiam-da-organizacao\/#article","isPartOf":{"@id":"https:\/\/talent.efix.net\/pt\/faca-gestao-de-desempenho-antes-que-os-melhores-profissionais-saiam-da-organizacao\/"},"author":{"name":"Andr\u00e9","@id":"https:\/\/talent.efix.net\/pt\/#\/schema\/person\/a5699a32662861ccd03c1fc4140cbf77"},"headline":"Fa\u00e7a a gest\u00e3o de desempenho antes que os melhores profissionais saiam da organiza\u00e7\u00e3o","datePublished":"2016-06-13T20:13:56+00:00","dateModified":"2016-08-17T12:42:47+00:00","mainEntityOfPage":{"@id":"https:\/\/talent.efix.net\/pt\/faca-gestao-de-desempenho-antes-que-os-melhores-profissionais-saiam-da-organizacao\/"},"wordCount":560,"commentCount":0,"publisher":{"@id":"https:\/\/talent.efix.net\/pt\/#organization"},"keywords":["#reten\u00e7\u00e3odetalentos","engajamento e performance","feedbacks honestos","Gest\u00e3o de Pessoas"],"articleSection":["Not\u00edcias"],"inLanguage":"pt-BR","potentialAction":[{"@type":"CommentAction","name":"Comment","target":["https:\/\/talent.efix.net\/pt\/faca-gestao-de-desempenho-antes-que-os-melhores-profissionais-saiam-da-organizacao\/#respond"]}]},{"@type":"WebPage","@id":"https:\/\/talent.efix.net\/pt\/faca-gestao-de-desempenho-antes-que-os-melhores-profissionais-saiam-da-organizacao\/","url":"https:\/\/talent.efix.net\/pt\/faca-gestao-de-desempenho-antes-que-os-melhores-profissionais-saiam-da-organizacao\/","name":"Fa\u00e7a a gest\u00e3o de desempenho antes que os melhores profissionais saiam da organiza\u00e7\u00e3o | Efix Portugu\u00eas","isPartOf":{"@id":"https:\/\/talent.efix.net\/pt\/#website"},"datePublished":"2016-06-13T20:13:56+00:00","dateModified":"2016-08-17T12:42:47+00:00","description":"Uma gest\u00e3o de desempenho bem realizada \u00e9 a melhor maneira de aumentar a reten\u00e7\u00e3o dos funcion\u00e1rios da sua empresa.","breadcrumb":{"@id":"https:\/\/talent.efix.net\/pt\/faca-gestao-de-desempenho-antes-que-os-melhores-profissionais-saiam-da-organizacao\/#breadcrumb"},"inLanguage":"pt-BR","potentialAction":[{"@type":"ReadAction","target":["https:\/\/talent.efix.net\/pt\/faca-gestao-de-desempenho-antes-que-os-melhores-profissionais-saiam-da-organizacao\/"]}]},{"@type":"BreadcrumbList","@id":"https:\/\/talent.efix.net\/pt\/faca-gestao-de-desempenho-antes-que-os-melhores-profissionais-saiam-da-organizacao\/#breadcrumb","itemListElement":[{"@type":"ListItem","position":1,"name":"Home","item":"https:\/\/talent.efix.net\/pt\/"},{"@type":"ListItem","position":2,"name":"Fa\u00e7a a gest\u00e3o de desempenho antes que os melhores profissionais saiam da organiza\u00e7\u00e3o"}]},{"@type":"WebSite","@id":"https:\/\/talent.efix.net\/pt\/#website","url":"https:\/\/talent.efix.net\/pt\/","name":"Efix","description":"Solu\u00e7\u00f5es para Gest\u00e3o e Desenvolvimento de Pessoas","publisher":{"@id":"https:\/\/talent.efix.net\/pt\/#organization"},"potentialAction":[{"@type":"SearchAction","target":{"@type":"EntryPoint","urlTemplate":"https:\/\/talent.efix.net\/pt\/?s={search_term_string}"},"query-input":"required name=search_term_string"}],"inLanguage":"pt-BR"},{"@type":"Organization","@id":"https:\/\/talent.efix.net\/pt\/#organization","name":"Efix","url":"https:\/\/talent.efix.net\/pt\/","logo":{"@type":"ImageObject","inLanguage":"pt-BR","@id":"https:\/\/talent.efix.net\/pt\/#\/schema\/logo\/image\/","url":"https:\/\/talent.efix.net\/pt\/wp-content\/uploads\/sites\/2\/2024\/03\/logo.png","contentUrl":"https:\/\/talent.efix.net\/pt\/wp-content\/uploads\/sites\/2\/2024\/03\/logo.png","width":103,"height":77,"caption":"Efix"},"image":{"@id":"https:\/\/talent.efix.net\/pt\/#\/schema\/logo\/image\/"},"sameAs":["https:\/\/www.facebook.com\/efixnet","https:\/\/twitter.com\/EfixNet"]},{"@type":"Person","@id":"https:\/\/talent.efix.net\/pt\/#\/schema\/person\/a5699a32662861ccd03c1fc4140cbf77","name":"Andr\u00e9","image":{"@type":"ImageObject","inLanguage":"pt-BR","@id":"https:\/\/talent.efix.net\/pt\/#\/schema\/person\/image\/","url":"https:\/\/secure.gravatar.com\/avatar\/c26ab02478d05c53900e47608132a94c?s=96&d=mm&r=g","contentUrl":"https:\/\/secure.gravatar.com\/avatar\/c26ab02478d05c53900e47608132a94c?s=96&d=mm&r=g","caption":"Andr\u00e9"},"url":"https:\/\/talent.efix.net\/pt\/author\/intelligenzia\/"}]}},"_links":{"self":[{"href":"https:\/\/talent.efix.net\/pt\/wp-json\/wp\/v2\/posts\/1996"}],"collection":[{"href":"https:\/\/talent.efix.net\/pt\/wp-json\/wp\/v2\/posts"}],"about":[{"href":"https:\/\/talent.efix.net\/pt\/wp-json\/wp\/v2\/types\/post"}],"author":[{"embeddable":true,"href":"https:\/\/talent.efix.net\/pt\/wp-json\/wp\/v2\/users\/7"}],"replies":[{"embeddable":true,"href":"https:\/\/talent.efix.net\/pt\/wp-json\/wp\/v2\/comments?post=1996"}],"version-history":[{"count":1,"href":"https:\/\/talent.efix.net\/pt\/wp-json\/wp\/v2\/posts\/1996\/revisions"}],"predecessor-version":[{"id":1997,"href":"https:\/\/talent.efix.net\/pt\/wp-json\/wp\/v2\/posts\/1996\/revisions\/1997"}],"wp:attachment":[{"href":"https:\/\/talent.efix.net\/pt\/wp-json\/wp\/v2\/media?parent=1996"}],"wp:term":[{"taxonomy":"category","embeddable":true,"href":"https:\/\/talent.efix.net\/pt\/wp-json\/wp\/v2\/categories?post=1996"},{"taxonomy":"post_tag","embeddable":true,"href":"https:\/\/talent.efix.net\/pt\/wp-json\/wp\/v2\/tags?post=1996"}],"curies":[{"name":"wp","href":"https:\/\/api.w.org\/{rel}","templated":true}]}}