{"id":1994,"date":"2016-06-01T17:06:45","date_gmt":"2016-06-01T20:06:45","guid":{"rendered":"http:\/\/talent.efix.net\/pt\/?p=1994"},"modified":"2016-07-21T15:09:00","modified_gmt":"2016-07-21T18:09:00","slug":"educacao-corporativa-ajuda-elevar-produtividade","status":"publish","type":"post","link":"https:\/\/talent.efix.net\/pt\/educacao-corporativa-ajuda-elevar-produtividade\/","title":{"rendered":"Educa\u00e7\u00e3o corporativa ajuda a elevar a produtividade"},"content":{"rendered":"<p>Em tempos de crise, \u00e9 importante que as empresas aumentem a produtividade com recursos reduzidos. Isso apresenta aos l\u00edderes de neg\u00f3cio e profissionais de RH um grande desafio, ao mesmo tempo em que aumenta a necessidade de elevar os n\u00edveis individuais de produtividade por meio do engajamento da equipe para alcan\u00e7ar seu m\u00e1ximo potencial.<\/p>\n<p>Os treinamentos e os programas de educa\u00e7\u00e3o corporativa s\u00e3o essenciais para l\u00edderes de neg\u00f3cio que precisam fazer a diferen\u00e7a em rela\u00e7\u00e3o \u00e0 produtividade. Investir nessa estrat\u00e9gia \u00e9 importante n\u00e3o apenas para elevar suas habilidades, mas tamb\u00e9m para obter n\u00edveis mais altos de engajamento do funcion\u00e1rio.<\/p>\n<p>Os n\u00edveis de engajamento t\u00eam um forte impacto no aumento da produtividade da equipe, portanto, \u00e9 essencial manter funcion\u00e1rios motivados e inspirados em tempos de crise.<\/p>\n<p>A maioria dos profissionais de RH reconhece a import\u00e2ncia dos treinamentos, mas ainda h\u00e1 pouco consenso em rela\u00e7\u00e3o a qual \u00e9 a melhor abordagem para usar os programas de educa\u00e7\u00e3o corporativa a favor da produtividade. O fato \u00e9 que as habilidades e o conhecimento que adquirimos nem sempre ir\u00e3o nos preparar para os desafios dos ambientes de trabalho em constante mudan\u00e7a nos quais vivemos.<\/p>\n<p>Para os profissionais de RH e os l\u00edderes de neg\u00f3cio, a educa\u00e7\u00e3o pode ser usada para garantir que os indiv\u00edduos tenham a oportunidade de se adaptar para alcan\u00e7ar seu m\u00e1ximo potencial em todos os est\u00e1gios de sua carreira.<\/p>\n<p>Segundo uma pesquisa divulgada pela Deloitte em 2015, 28% das empresas brasileiras j\u00e1 t\u00eam universidades corporativas e, das 72% que n\u00e3o possuem, cerca de 28% demonstram interesse em criar uma estrutura semelhante. Desses investimentos, 67% ser\u00e3o direcionados \u00e0s iniciativas de educa\u00e7\u00e3o presencial e 33% para o ensino \u00e0 dist\u00e2ncia.<\/p>\n<p>Independente de o m\u00e9todo escolhido ser presencial ou a dist\u00e2ncia, os programas de educa\u00e7\u00e3o corporativa devem ser intimamente ligados ao neg\u00f3cio para prover as pessoas com as habilidades mais valiosas e necess\u00e1rias para atingir os objetivos gerais da empresa. Treinamentos semanais e programas de e-learning garantem que o aprendizado seja direcionado para dar poder aos funcion\u00e1rios em sua vida profissional, gerando engajamento.<\/p>\n<p>Os avan\u00e7os em tecnologias de educa\u00e7\u00e3o a dist\u00e2ncia d\u00e3o ao funcion\u00e1rio a oportunidade de obter um ensino mais personalizado e flex\u00edvel, com o poder de escolher quando, onde e como estudar. Novas plataformas de educa\u00e7\u00e3o corporativa permitem at\u00e9 que as li\u00e7\u00f5es sejam tomadas enquanto o funcion\u00e1rio est\u00e1 no pr\u00f3prio ambiente de trabalho, dando a ele a oportunidade de aplicar o conte\u00fado aprendido imediatamente em suas tarefas di\u00e1rias.<\/p>\n<p><strong>Outras maneiras de aumentar a produtividade<\/strong><\/p>\n<p>Como o engajamento est\u00e1 intimamente ligado \u00e0 produtividade, os gestores podem investir em pr\u00e1ticas de lideran\u00e7a eficientes para inspirar e engajar a for\u00e7a de trabalho e experimentar novas formas de gest\u00e3o para encontrar maneiras mais eficientes de gerir a equipe. Segundo uma pesquisa do Chartered Management Institute (CMI), uma institui\u00e7\u00e3o brit\u00e2nica, publicada em janeiro deste ano, uma boa gest\u00e3o pode melhorar os n\u00edveis de produtividade em at\u00e9 30%.<\/p>\n<p>Isso n\u00e3o substitui o papel do treinamento e do desenvolvimento cont\u00ednuo. A produtividade tem um papel essencial nos neg\u00f3cios e as habilidades necess\u00e1rias para isso est\u00e3o mudando rapidamente.<\/p>\n<p>&nbsp;<\/p>\n","protected":false},"excerpt":{"rendered":"<p>Em tempos de crise, \u00e9 importante que as empresas aumentem a produtividade com recursos reduzidos. Isso apresenta aos l\u00edderes de neg\u00f3cio e profissionais de RH um grande desafio, ao mesmo tempo em que aumenta a necessidade de elevar os n\u00edveis individuais de produtividade por meio do engajamento da equipe para alcan\u00e7ar seu m\u00e1ximo potencial. Os treinamentos e os programas de educa\u00e7\u00e3o corporativa s\u00e3o essenciais para l\u00edderes de neg\u00f3cio que precisam fazer a diferen\u00e7a em rela\u00e7\u00e3o \u00e0 produtividade. Investir nessa estrat\u00e9gia \u00e9 importante n\u00e3o apenas para elevar suas habilidades, mas tamb\u00e9m para obter n\u00edveis mais altos de engajamento do funcion\u00e1rio. Os [&hellip;]<\/p>\n","protected":false},"author":7,"featured_media":0,"comment_status":"open","ping_status":"open","sticky":false,"template":"","format":"standard","meta":{"footnotes":""},"categories":[3],"tags":[58,68,67,62],"yoast_head":"<!-- This site is optimized with the Yoast SEO plugin v22.2 - https:\/\/yoast.com\/wordpress\/plugins\/seo\/ -->\n<title>Educa\u00e7\u00e3o corporativa ajuda a elevar a produtividade | Efix Portugu\u00eas<\/title>\n<meta name=\"description\" content=\"Treinamentos e programas de educa\u00e7\u00e3o corporativa ajudam a aumentar a produtividade dentro da empresa, sendo um verdadeiro investimento.\" \/>\n<meta name=\"robots\" content=\"index, follow, max-snippet:-1, max-image-preview:large, max-video-preview:-1\" \/>\n<link rel=\"canonical\" href=\"https:\/\/talent.efix.net\/pt\/educacao-corporativa-ajuda-elevar-produtividade\/\" \/>\n<meta property=\"og:locale\" content=\"pt_BR\" \/>\n<meta property=\"og:type\" content=\"article\" \/>\n<meta property=\"og:title\" content=\"Educa\u00e7\u00e3o corporativa ajuda a elevar a produtividade | Efix Portugu\u00eas\" \/>\n<meta property=\"og:description\" content=\"Treinamentos e programas de educa\u00e7\u00e3o corporativa ajudam a aumentar a produtividade dentro da empresa, sendo um verdadeiro investimento.\" \/>\n<meta property=\"og:url\" content=\"https:\/\/talent.efix.net\/pt\/educacao-corporativa-ajuda-elevar-produtividade\/\" \/>\n<meta property=\"og:site_name\" content=\"Efix Portugu\u00eas\" \/>\n<meta property=\"article:publisher\" content=\"https:\/\/www.facebook.com\/efixnet\" \/>\n<meta property=\"article:published_time\" content=\"2016-06-01T20:06:45+00:00\" \/>\n<meta property=\"article:modified_time\" content=\"2016-07-21T18:09:00+00:00\" \/>\n<meta property=\"og:image\" content=\"https:\/\/talent.efix.net\/pt\/wp-content\/uploads\/sites\/2\/2024\/03\/logo.png\" \/>\n\t<meta property=\"og:image:width\" content=\"103\" \/>\n\t<meta property=\"og:image:height\" content=\"77\" \/>\n\t<meta property=\"og:image:type\" content=\"image\/png\" \/>\n<meta name=\"author\" content=\"Andr\u00e9\" \/>\n<meta name=\"twitter:card\" content=\"summary_large_image\" \/>\n<meta name=\"twitter:creator\" content=\"@EfixNet\" \/>\n<meta name=\"twitter:site\" content=\"@EfixNet\" \/>\n<meta name=\"twitter:label1\" content=\"Escrito por\" \/>\n\t<meta name=\"twitter:data1\" content=\"Andr\u00e9\" \/>\n\t<meta name=\"twitter:label2\" content=\"Est. tempo de leitura\" \/>\n\t<meta name=\"twitter:data2\" content=\"3 minutos\" \/>\n<script type=\"application\/ld+json\" class=\"yoast-schema-graph\">{\"@context\":\"https:\/\/schema.org\",\"@graph\":[{\"@type\":\"Article\",\"@id\":\"https:\/\/talent.efix.net\/pt\/educacao-corporativa-ajuda-elevar-produtividade\/#article\",\"isPartOf\":{\"@id\":\"https:\/\/talent.efix.net\/pt\/educacao-corporativa-ajuda-elevar-produtividade\/\"},\"author\":{\"name\":\"Andr\u00e9\",\"@id\":\"https:\/\/talent.efix.net\/pt\/#\/schema\/person\/a5699a32662861ccd03c1fc4140cbf77\"},\"headline\":\"Educa\u00e7\u00e3o corporativa ajuda a elevar a produtividade\",\"datePublished\":\"2016-06-01T20:06:45+00:00\",\"dateModified\":\"2016-07-21T18:09:00+00:00\",\"mainEntityOfPage\":{\"@id\":\"https:\/\/talent.efix.net\/pt\/educacao-corporativa-ajuda-elevar-produtividade\/\"},\"wordCount\":568,\"commentCount\":0,\"publisher\":{\"@id\":\"https:\/\/talent.efix.net\/pt\/#organization\"},\"keywords\":[\"desempenho de sucesso\",\"desenvolvimento profissional\",\"produtividade\",\"treinamento de funcion\u00e1rios\"],\"articleSection\":[\"Not\u00edcias\"],\"inLanguage\":\"pt-BR\",\"potentialAction\":[{\"@type\":\"CommentAction\",\"name\":\"Comment\",\"target\":[\"https:\/\/talent.efix.net\/pt\/educacao-corporativa-ajuda-elevar-produtividade\/#respond\"]}]},{\"@type\":\"WebPage\",\"@id\":\"https:\/\/talent.efix.net\/pt\/educacao-corporativa-ajuda-elevar-produtividade\/\",\"url\":\"https:\/\/talent.efix.net\/pt\/educacao-corporativa-ajuda-elevar-produtividade\/\",\"name\":\"Educa\u00e7\u00e3o corporativa ajuda a elevar a produtividade | Efix Portugu\u00eas\",\"isPartOf\":{\"@id\":\"https:\/\/talent.efix.net\/pt\/#website\"},\"datePublished\":\"2016-06-01T20:06:45+00:00\",\"dateModified\":\"2016-07-21T18:09:00+00:00\",\"description\":\"Treinamentos e programas de educa\u00e7\u00e3o corporativa ajudam a aumentar a produtividade dentro da empresa, sendo um verdadeiro investimento.\",\"breadcrumb\":{\"@id\":\"https:\/\/talent.efix.net\/pt\/educacao-corporativa-ajuda-elevar-produtividade\/#breadcrumb\"},\"inLanguage\":\"pt-BR\",\"potentialAction\":[{\"@type\":\"ReadAction\",\"target\":[\"https:\/\/talent.efix.net\/pt\/educacao-corporativa-ajuda-elevar-produtividade\/\"]}]},{\"@type\":\"BreadcrumbList\",\"@id\":\"https:\/\/talent.efix.net\/pt\/educacao-corporativa-ajuda-elevar-produtividade\/#breadcrumb\",\"itemListElement\":[{\"@type\":\"ListItem\",\"position\":1,\"name\":\"Home\",\"item\":\"https:\/\/talent.efix.net\/pt\/\"},{\"@type\":\"ListItem\",\"position\":2,\"name\":\"Educa\u00e7\u00e3o corporativa ajuda a elevar a produtividade\"}]},{\"@type\":\"WebSite\",\"@id\":\"https:\/\/talent.efix.net\/pt\/#website\",\"url\":\"https:\/\/talent.efix.net\/pt\/\",\"name\":\"Efix\",\"description\":\"Solu\u00e7\u00f5es para Gest\u00e3o e Desenvolvimento de Pessoas\",\"publisher\":{\"@id\":\"https:\/\/talent.efix.net\/pt\/#organization\"},\"potentialAction\":[{\"@type\":\"SearchAction\",\"target\":{\"@type\":\"EntryPoint\",\"urlTemplate\":\"https:\/\/talent.efix.net\/pt\/?s={search_term_string}\"},\"query-input\":\"required name=search_term_string\"}],\"inLanguage\":\"pt-BR\"},{\"@type\":\"Organization\",\"@id\":\"https:\/\/talent.efix.net\/pt\/#organization\",\"name\":\"Efix\",\"url\":\"https:\/\/talent.efix.net\/pt\/\",\"logo\":{\"@type\":\"ImageObject\",\"inLanguage\":\"pt-BR\",\"@id\":\"https:\/\/talent.efix.net\/pt\/#\/schema\/logo\/image\/\",\"url\":\"https:\/\/talent.efix.net\/pt\/wp-content\/uploads\/sites\/2\/2024\/03\/logo.png\",\"contentUrl\":\"https:\/\/talent.efix.net\/pt\/wp-content\/uploads\/sites\/2\/2024\/03\/logo.png\",\"width\":103,\"height\":77,\"caption\":\"Efix\"},\"image\":{\"@id\":\"https:\/\/talent.efix.net\/pt\/#\/schema\/logo\/image\/\"},\"sameAs\":[\"https:\/\/www.facebook.com\/efixnet\",\"https:\/\/twitter.com\/EfixNet\"]},{\"@type\":\"Person\",\"@id\":\"https:\/\/talent.efix.net\/pt\/#\/schema\/person\/a5699a32662861ccd03c1fc4140cbf77\",\"name\":\"Andr\u00e9\",\"image\":{\"@type\":\"ImageObject\",\"inLanguage\":\"pt-BR\",\"@id\":\"https:\/\/talent.efix.net\/pt\/#\/schema\/person\/image\/\",\"url\":\"https:\/\/secure.gravatar.com\/avatar\/c26ab02478d05c53900e47608132a94c?s=96&d=mm&r=g\",\"contentUrl\":\"https:\/\/secure.gravatar.com\/avatar\/c26ab02478d05c53900e47608132a94c?s=96&d=mm&r=g\",\"caption\":\"Andr\u00e9\"},\"url\":\"https:\/\/talent.efix.net\/pt\/author\/intelligenzia\/\"}]}<\/script>\n<!-- \/ Yoast SEO plugin. -->","yoast_head_json":{"title":"Educa\u00e7\u00e3o corporativa ajuda a elevar a produtividade | Efix Portugu\u00eas","description":"Treinamentos e programas de educa\u00e7\u00e3o corporativa ajudam a aumentar a produtividade dentro da empresa, sendo um verdadeiro investimento.","robots":{"index":"index","follow":"follow","max-snippet":"max-snippet:-1","max-image-preview":"max-image-preview:large","max-video-preview":"max-video-preview:-1"},"canonical":"https:\/\/talent.efix.net\/pt\/educacao-corporativa-ajuda-elevar-produtividade\/","og_locale":"pt_BR","og_type":"article","og_title":"Educa\u00e7\u00e3o corporativa ajuda a elevar a produtividade | Efix Portugu\u00eas","og_description":"Treinamentos e programas de educa\u00e7\u00e3o corporativa ajudam a aumentar a produtividade dentro da empresa, sendo um verdadeiro investimento.","og_url":"https:\/\/talent.efix.net\/pt\/educacao-corporativa-ajuda-elevar-produtividade\/","og_site_name":"Efix Portugu\u00eas","article_publisher":"https:\/\/www.facebook.com\/efixnet","article_published_time":"2016-06-01T20:06:45+00:00","article_modified_time":"2016-07-21T18:09:00+00:00","og_image":[{"width":103,"height":77,"url":"https:\/\/talent.efix.net\/pt\/wp-content\/uploads\/sites\/2\/2024\/03\/logo.png","type":"image\/png"}],"author":"Andr\u00e9","twitter_card":"summary_large_image","twitter_creator":"@EfixNet","twitter_site":"@EfixNet","twitter_misc":{"Escrito por":"Andr\u00e9","Est. tempo de leitura":"3 minutos"},"schema":{"@context":"https:\/\/schema.org","@graph":[{"@type":"Article","@id":"https:\/\/talent.efix.net\/pt\/educacao-corporativa-ajuda-elevar-produtividade\/#article","isPartOf":{"@id":"https:\/\/talent.efix.net\/pt\/educacao-corporativa-ajuda-elevar-produtividade\/"},"author":{"name":"Andr\u00e9","@id":"https:\/\/talent.efix.net\/pt\/#\/schema\/person\/a5699a32662861ccd03c1fc4140cbf77"},"headline":"Educa\u00e7\u00e3o corporativa ajuda a elevar a produtividade","datePublished":"2016-06-01T20:06:45+00:00","dateModified":"2016-07-21T18:09:00+00:00","mainEntityOfPage":{"@id":"https:\/\/talent.efix.net\/pt\/educacao-corporativa-ajuda-elevar-produtividade\/"},"wordCount":568,"commentCount":0,"publisher":{"@id":"https:\/\/talent.efix.net\/pt\/#organization"},"keywords":["desempenho de sucesso","desenvolvimento profissional","produtividade","treinamento de funcion\u00e1rios"],"articleSection":["Not\u00edcias"],"inLanguage":"pt-BR","potentialAction":[{"@type":"CommentAction","name":"Comment","target":["https:\/\/talent.efix.net\/pt\/educacao-corporativa-ajuda-elevar-produtividade\/#respond"]}]},{"@type":"WebPage","@id":"https:\/\/talent.efix.net\/pt\/educacao-corporativa-ajuda-elevar-produtividade\/","url":"https:\/\/talent.efix.net\/pt\/educacao-corporativa-ajuda-elevar-produtividade\/","name":"Educa\u00e7\u00e3o corporativa ajuda a elevar a produtividade | Efix Portugu\u00eas","isPartOf":{"@id":"https:\/\/talent.efix.net\/pt\/#website"},"datePublished":"2016-06-01T20:06:45+00:00","dateModified":"2016-07-21T18:09:00+00:00","description":"Treinamentos e programas de educa\u00e7\u00e3o corporativa ajudam a aumentar a produtividade dentro da empresa, sendo um verdadeiro investimento.","breadcrumb":{"@id":"https:\/\/talent.efix.net\/pt\/educacao-corporativa-ajuda-elevar-produtividade\/#breadcrumb"},"inLanguage":"pt-BR","potentialAction":[{"@type":"ReadAction","target":["https:\/\/talent.efix.net\/pt\/educacao-corporativa-ajuda-elevar-produtividade\/"]}]},{"@type":"BreadcrumbList","@id":"https:\/\/talent.efix.net\/pt\/educacao-corporativa-ajuda-elevar-produtividade\/#breadcrumb","itemListElement":[{"@type":"ListItem","position":1,"name":"Home","item":"https:\/\/talent.efix.net\/pt\/"},{"@type":"ListItem","position":2,"name":"Educa\u00e7\u00e3o corporativa ajuda a elevar a produtividade"}]},{"@type":"WebSite","@id":"https:\/\/talent.efix.net\/pt\/#website","url":"https:\/\/talent.efix.net\/pt\/","name":"Efix","description":"Solu\u00e7\u00f5es para Gest\u00e3o e Desenvolvimento de Pessoas","publisher":{"@id":"https:\/\/talent.efix.net\/pt\/#organization"},"potentialAction":[{"@type":"SearchAction","target":{"@type":"EntryPoint","urlTemplate":"https:\/\/talent.efix.net\/pt\/?s={search_term_string}"},"query-input":"required name=search_term_string"}],"inLanguage":"pt-BR"},{"@type":"Organization","@id":"https:\/\/talent.efix.net\/pt\/#organization","name":"Efix","url":"https:\/\/talent.efix.net\/pt\/","logo":{"@type":"ImageObject","inLanguage":"pt-BR","@id":"https:\/\/talent.efix.net\/pt\/#\/schema\/logo\/image\/","url":"https:\/\/talent.efix.net\/pt\/wp-content\/uploads\/sites\/2\/2024\/03\/logo.png","contentUrl":"https:\/\/talent.efix.net\/pt\/wp-content\/uploads\/sites\/2\/2024\/03\/logo.png","width":103,"height":77,"caption":"Efix"},"image":{"@id":"https:\/\/talent.efix.net\/pt\/#\/schema\/logo\/image\/"},"sameAs":["https:\/\/www.facebook.com\/efixnet","https:\/\/twitter.com\/EfixNet"]},{"@type":"Person","@id":"https:\/\/talent.efix.net\/pt\/#\/schema\/person\/a5699a32662861ccd03c1fc4140cbf77","name":"Andr\u00e9","image":{"@type":"ImageObject","inLanguage":"pt-BR","@id":"https:\/\/talent.efix.net\/pt\/#\/schema\/person\/image\/","url":"https:\/\/secure.gravatar.com\/avatar\/c26ab02478d05c53900e47608132a94c?s=96&d=mm&r=g","contentUrl":"https:\/\/secure.gravatar.com\/avatar\/c26ab02478d05c53900e47608132a94c?s=96&d=mm&r=g","caption":"Andr\u00e9"},"url":"https:\/\/talent.efix.net\/pt\/author\/intelligenzia\/"}]}},"_links":{"self":[{"href":"https:\/\/talent.efix.net\/pt\/wp-json\/wp\/v2\/posts\/1994"}],"collection":[{"href":"https:\/\/talent.efix.net\/pt\/wp-json\/wp\/v2\/posts"}],"about":[{"href":"https:\/\/talent.efix.net\/pt\/wp-json\/wp\/v2\/types\/post"}],"author":[{"embeddable":true,"href":"https:\/\/talent.efix.net\/pt\/wp-json\/wp\/v2\/users\/7"}],"replies":[{"embeddable":true,"href":"https:\/\/talent.efix.net\/pt\/wp-json\/wp\/v2\/comments?post=1994"}],"version-history":[{"count":1,"href":"https:\/\/talent.efix.net\/pt\/wp-json\/wp\/v2\/posts\/1994\/revisions"}],"predecessor-version":[{"id":1995,"href":"https:\/\/talent.efix.net\/pt\/wp-json\/wp\/v2\/posts\/1994\/revisions\/1995"}],"wp:attachment":[{"href":"https:\/\/talent.efix.net\/pt\/wp-json\/wp\/v2\/media?parent=1994"}],"wp:term":[{"taxonomy":"category","embeddable":true,"href":"https:\/\/talent.efix.net\/pt\/wp-json\/wp\/v2\/categories?post=1994"},{"taxonomy":"post_tag","embeddable":true,"href":"https:\/\/talent.efix.net\/pt\/wp-json\/wp\/v2\/tags?post=1994"}],"curies":[{"name":"wp","href":"https:\/\/api.w.org\/{rel}","templated":true}]}}