{"id":1992,"date":"2016-05-17T17:03:47","date_gmt":"2016-05-17T20:03:47","guid":{"rendered":"http:\/\/talent.efix.net\/pt\/?p=1992"},"modified":"2016-07-05T17:21:28","modified_gmt":"2016-07-05T20:21:28","slug":"quatro-tendencias-entre-os-lideres","status":"publish","type":"post","link":"https:\/\/talent.efix.net\/pt\/quatro-tendencias-entre-os-lideres\/","title":{"rendered":"Quatro tend\u00eancias entre os l\u00edderes"},"content":{"rendered":"<p>J\u00e1 foi o tempo em que as lideran\u00e7as eram importantes apenas em seu pr\u00f3prio departamento. Hoje, l\u00edderes s\u00e3o importantes para toda a empresa, independente do segmento que fa\u00e7am parte.<\/p>\n<p>Eles s\u00e3o os respons\u00e1veis pelo desenvolvimento de planos e estrat\u00e9gias que ser\u00e3o executadas pela equipe e tudo o que definem \u00e9 importante, pois impacta em cada peda\u00e7o da organiza\u00e7\u00e3o. Se os talentos de uma empresa s\u00e3o o centro e o cora\u00e7\u00e3o de tudo, o RH tem um papel de extrema import\u00e2ncia no crescimento organizacional.<\/p>\n<p>No atual cen\u00e1rio, os l\u00edderes encaram muitos desafios, precisam lidar com mudan\u00e7as constantes, novas tecnologias e funcion\u00e1rios de diferentes gera\u00e7\u00f5es e comportamentos em uma mesma equipe. Saiba quais s\u00e3o os pontos de maior relev\u00e2ncia para os l\u00edderes nos pr\u00f3ximos anos:<\/p>\n<p><strong>Reten\u00e7\u00e3o, planejamento e treinamento<\/strong><\/p>\n<p>Esses tr\u00eas elementos s\u00e3o cada vez mais essenciais para uma estrat\u00e9gia de neg\u00f3cios. Em tempos de crise, a reten\u00e7\u00e3o de talentos \u00e9 ainda mais importante para garantir que a empresa esteja preparada para a volta do per\u00edodo de desenvolvimento. Em tempos de recess\u00e3o, a m\u00e3o de obra dispon\u00edvel parece favor\u00e1vel, no entanto, muitas empresas j\u00e1 est\u00e3o preocupadas com a sa\u00edda de seus melhores talentos quando a economia voltar a se desenvolver.<\/p>\n<p>Durante a crise, o desenvolvimento e o planejamento de reten\u00e7\u00e3o s\u00e3o pontos delicados, mas o investimento \u00e9 essencial para capacitar os funcion\u00e1rios atuais e aproveitar o capital humano que a empresa j\u00e1 tem. O ideal \u00e9 focar na descoberta de habilidades, dando apoio aos funcion\u00e1rios para que se expressem e explorem seu potencial.<\/p>\n<p><strong>Flexibilidade<\/strong><\/p>\n<p>Os l\u00edderes devem estar atentos e abertos a novas maneiras de engajar quem est\u00e1 interessado em levar um estilo de vida mais focado no equil\u00edbrio entre vida pessoal e profissional e menos focado em trabalhar duro at\u00e9 o momento de se aposentar. Hor\u00e1rios flex\u00edveis e possibilidade de trabalho remoto s\u00e3o conceitos cada vez mais presentes no ambiente de trabalho atual e contam na hora de contratar e reter m\u00e3o de obra.<\/p>\n<p><strong>Investimento em tecnologia<\/strong><\/p>\n<p>As gera\u00e7\u00f5es mais antigas de l\u00edderes costumam ser resistentes \u00e0s novas tecnologias e insistem no uso de sistemas antigos e ultrapassados. No entanto, logo eles ter\u00e3o que entender que o investimento em tecnologia vai al\u00e9m dos seus interesses e necessidades pessoais. A tend\u00eancia \u00e9 que o investimento em tecnologia melhore a produtividade e traga resultados muito positivos se forem integrados \u00e0s tecnologias de finan\u00e7as, marketing, vendas e opera\u00e7\u00f5es.<\/p>\n<p><strong>Novos mercados<\/strong><\/p>\n<p>Os l\u00edderes est\u00e3o focados no futuro, construindo uma nova infraestrutura e trilhando outros caminhos quando investem em novos mercados. \u00c9 importante conhecer as prioridades e interesses corporativos para alinhar programas e planos de desenvolvimento, aumentando a produtividade.<\/p>\n<p>&nbsp;<\/p>\n<p>&nbsp;<\/p>\n","protected":false},"excerpt":{"rendered":"<p>J\u00e1 foi o tempo em que as lideran\u00e7as eram importantes apenas em seu pr\u00f3prio departamento. Hoje, l\u00edderes s\u00e3o importantes para toda a empresa, independente do segmento que fa\u00e7am parte. Eles s\u00e3o os respons\u00e1veis pelo desenvolvimento de planos e estrat\u00e9gias que ser\u00e3o executadas pela equipe e tudo o que definem \u00e9 importante, pois impacta em cada peda\u00e7o da organiza\u00e7\u00e3o. Se os talentos de uma empresa s\u00e3o o centro e o cora\u00e7\u00e3o de tudo, o RH tem um papel de extrema import\u00e2ncia no crescimento organizacional. No atual cen\u00e1rio, os l\u00edderes encaram muitos desafios, precisam lidar com mudan\u00e7as constantes, novas tecnologias e funcion\u00e1rios [&hellip;]<\/p>\n","protected":false},"author":7,"featured_media":0,"comment_status":"open","ping_status":"open","sticky":false,"template":"","format":"standard","meta":{"footnotes":""},"categories":[3],"tags":[35,41,20],"yoast_head":"<!-- This site is optimized with the Yoast SEO plugin v22.2 - https:\/\/yoast.com\/wordpress\/plugins\/seo\/ -->\n<title>Quatro tend\u00eancias entre os l\u00edderes | Efix Portugu\u00eas<\/title>\n<meta name=\"description\" content=\"Confira quatro tend\u00eancias entre os l\u00edderes para uma boa gest\u00e3o nos pr\u00f3ximos anos.\" \/>\n<meta name=\"robots\" content=\"index, follow, max-snippet:-1, max-image-preview:large, max-video-preview:-1\" \/>\n<link rel=\"canonical\" href=\"https:\/\/talent.efix.net\/pt\/quatro-tendencias-entre-os-lideres\/\" \/>\n<meta property=\"og:locale\" content=\"pt_BR\" \/>\n<meta property=\"og:type\" content=\"article\" \/>\n<meta property=\"og:title\" content=\"Quatro tend\u00eancias entre os l\u00edderes | Efix Portugu\u00eas\" \/>\n<meta property=\"og:description\" content=\"Confira quatro tend\u00eancias entre os l\u00edderes para uma boa gest\u00e3o nos pr\u00f3ximos anos.\" \/>\n<meta property=\"og:url\" content=\"https:\/\/talent.efix.net\/pt\/quatro-tendencias-entre-os-lideres\/\" \/>\n<meta property=\"og:site_name\" content=\"Efix Portugu\u00eas\" \/>\n<meta property=\"article:publisher\" content=\"https:\/\/www.facebook.com\/efixnet\" \/>\n<meta property=\"article:published_time\" content=\"2016-05-17T20:03:47+00:00\" \/>\n<meta property=\"article:modified_time\" content=\"2016-07-05T20:21:28+00:00\" \/>\n<meta property=\"og:image\" content=\"https:\/\/talent.efix.net\/pt\/wp-content\/uploads\/sites\/2\/2024\/03\/logo.png\" \/>\n\t<meta property=\"og:image:width\" content=\"103\" \/>\n\t<meta property=\"og:image:height\" content=\"77\" \/>\n\t<meta property=\"og:image:type\" content=\"image\/png\" \/>\n<meta name=\"author\" content=\"Andr\u00e9\" \/>\n<meta name=\"twitter:card\" content=\"summary_large_image\" \/>\n<meta name=\"twitter:creator\" content=\"@EfixNet\" \/>\n<meta name=\"twitter:site\" content=\"@EfixNet\" \/>\n<meta name=\"twitter:label1\" content=\"Escrito por\" \/>\n\t<meta name=\"twitter:data1\" content=\"Andr\u00e9\" \/>\n\t<meta name=\"twitter:label2\" content=\"Est. tempo de leitura\" \/>\n\t<meta name=\"twitter:data2\" content=\"2 minutos\" \/>\n<script type=\"application\/ld+json\" class=\"yoast-schema-graph\">{\"@context\":\"https:\/\/schema.org\",\"@graph\":[{\"@type\":\"Article\",\"@id\":\"https:\/\/talent.efix.net\/pt\/quatro-tendencias-entre-os-lideres\/#article\",\"isPartOf\":{\"@id\":\"https:\/\/talent.efix.net\/pt\/quatro-tendencias-entre-os-lideres\/\"},\"author\":{\"name\":\"Andr\u00e9\",\"@id\":\"https:\/\/talent.efix.net\/pt\/#\/schema\/person\/a5699a32662861ccd03c1fc4140cbf77\"},\"headline\":\"Quatro tend\u00eancias entre os l\u00edderes\",\"datePublished\":\"2016-05-17T20:03:47+00:00\",\"dateModified\":\"2016-07-05T20:21:28+00:00\",\"mainEntityOfPage\":{\"@id\":\"https:\/\/talent.efix.net\/pt\/quatro-tendencias-entre-os-lideres\/\"},\"wordCount\":491,\"commentCount\":0,\"publisher\":{\"@id\":\"https:\/\/talent.efix.net\/pt\/#organization\"},\"keywords\":[\"#l\u00edder\",\"#l\u00edderes\",\"Gest\u00e3o de Pessoas\"],\"articleSection\":[\"Not\u00edcias\"],\"inLanguage\":\"pt-BR\",\"potentialAction\":[{\"@type\":\"CommentAction\",\"name\":\"Comment\",\"target\":[\"https:\/\/talent.efix.net\/pt\/quatro-tendencias-entre-os-lideres\/#respond\"]}]},{\"@type\":\"WebPage\",\"@id\":\"https:\/\/talent.efix.net\/pt\/quatro-tendencias-entre-os-lideres\/\",\"url\":\"https:\/\/talent.efix.net\/pt\/quatro-tendencias-entre-os-lideres\/\",\"name\":\"Quatro tend\u00eancias entre os l\u00edderes | Efix Portugu\u00eas\",\"isPartOf\":{\"@id\":\"https:\/\/talent.efix.net\/pt\/#website\"},\"datePublished\":\"2016-05-17T20:03:47+00:00\",\"dateModified\":\"2016-07-05T20:21:28+00:00\",\"description\":\"Confira quatro tend\u00eancias entre os l\u00edderes para uma boa gest\u00e3o nos pr\u00f3ximos anos.\",\"breadcrumb\":{\"@id\":\"https:\/\/talent.efix.net\/pt\/quatro-tendencias-entre-os-lideres\/#breadcrumb\"},\"inLanguage\":\"pt-BR\",\"potentialAction\":[{\"@type\":\"ReadAction\",\"target\":[\"https:\/\/talent.efix.net\/pt\/quatro-tendencias-entre-os-lideres\/\"]}]},{\"@type\":\"BreadcrumbList\",\"@id\":\"https:\/\/talent.efix.net\/pt\/quatro-tendencias-entre-os-lideres\/#breadcrumb\",\"itemListElement\":[{\"@type\":\"ListItem\",\"position\":1,\"name\":\"Home\",\"item\":\"https:\/\/talent.efix.net\/pt\/\"},{\"@type\":\"ListItem\",\"position\":2,\"name\":\"Quatro tend\u00eancias entre os l\u00edderes\"}]},{\"@type\":\"WebSite\",\"@id\":\"https:\/\/talent.efix.net\/pt\/#website\",\"url\":\"https:\/\/talent.efix.net\/pt\/\",\"name\":\"Efix\",\"description\":\"Solu\u00e7\u00f5es para Gest\u00e3o e Desenvolvimento de Pessoas\",\"publisher\":{\"@id\":\"https:\/\/talent.efix.net\/pt\/#organization\"},\"potentialAction\":[{\"@type\":\"SearchAction\",\"target\":{\"@type\":\"EntryPoint\",\"urlTemplate\":\"https:\/\/talent.efix.net\/pt\/?s={search_term_string}\"},\"query-input\":\"required name=search_term_string\"}],\"inLanguage\":\"pt-BR\"},{\"@type\":\"Organization\",\"@id\":\"https:\/\/talent.efix.net\/pt\/#organization\",\"name\":\"Efix\",\"url\":\"https:\/\/talent.efix.net\/pt\/\",\"logo\":{\"@type\":\"ImageObject\",\"inLanguage\":\"pt-BR\",\"@id\":\"https:\/\/talent.efix.net\/pt\/#\/schema\/logo\/image\/\",\"url\":\"https:\/\/talent.efix.net\/pt\/wp-content\/uploads\/sites\/2\/2024\/03\/logo.png\",\"contentUrl\":\"https:\/\/talent.efix.net\/pt\/wp-content\/uploads\/sites\/2\/2024\/03\/logo.png\",\"width\":103,\"height\":77,\"caption\":\"Efix\"},\"image\":{\"@id\":\"https:\/\/talent.efix.net\/pt\/#\/schema\/logo\/image\/\"},\"sameAs\":[\"https:\/\/www.facebook.com\/efixnet\",\"https:\/\/twitter.com\/EfixNet\"]},{\"@type\":\"Person\",\"@id\":\"https:\/\/talent.efix.net\/pt\/#\/schema\/person\/a5699a32662861ccd03c1fc4140cbf77\",\"name\":\"Andr\u00e9\",\"image\":{\"@type\":\"ImageObject\",\"inLanguage\":\"pt-BR\",\"@id\":\"https:\/\/talent.efix.net\/pt\/#\/schema\/person\/image\/\",\"url\":\"https:\/\/secure.gravatar.com\/avatar\/c26ab02478d05c53900e47608132a94c?s=96&d=mm&r=g\",\"contentUrl\":\"https:\/\/secure.gravatar.com\/avatar\/c26ab02478d05c53900e47608132a94c?s=96&d=mm&r=g\",\"caption\":\"Andr\u00e9\"},\"url\":\"https:\/\/talent.efix.net\/pt\/author\/intelligenzia\/\"}]}<\/script>\n<!-- \/ Yoast SEO plugin. -->","yoast_head_json":{"title":"Quatro tend\u00eancias entre os l\u00edderes | Efix Portugu\u00eas","description":"Confira quatro tend\u00eancias entre os l\u00edderes para uma boa gest\u00e3o nos pr\u00f3ximos anos.","robots":{"index":"index","follow":"follow","max-snippet":"max-snippet:-1","max-image-preview":"max-image-preview:large","max-video-preview":"max-video-preview:-1"},"canonical":"https:\/\/talent.efix.net\/pt\/quatro-tendencias-entre-os-lideres\/","og_locale":"pt_BR","og_type":"article","og_title":"Quatro tend\u00eancias entre os l\u00edderes | Efix Portugu\u00eas","og_description":"Confira quatro tend\u00eancias entre os l\u00edderes para uma boa gest\u00e3o nos pr\u00f3ximos anos.","og_url":"https:\/\/talent.efix.net\/pt\/quatro-tendencias-entre-os-lideres\/","og_site_name":"Efix Portugu\u00eas","article_publisher":"https:\/\/www.facebook.com\/efixnet","article_published_time":"2016-05-17T20:03:47+00:00","article_modified_time":"2016-07-05T20:21:28+00:00","og_image":[{"width":103,"height":77,"url":"https:\/\/talent.efix.net\/pt\/wp-content\/uploads\/sites\/2\/2024\/03\/logo.png","type":"image\/png"}],"author":"Andr\u00e9","twitter_card":"summary_large_image","twitter_creator":"@EfixNet","twitter_site":"@EfixNet","twitter_misc":{"Escrito por":"Andr\u00e9","Est. tempo de leitura":"2 minutos"},"schema":{"@context":"https:\/\/schema.org","@graph":[{"@type":"Article","@id":"https:\/\/talent.efix.net\/pt\/quatro-tendencias-entre-os-lideres\/#article","isPartOf":{"@id":"https:\/\/talent.efix.net\/pt\/quatro-tendencias-entre-os-lideres\/"},"author":{"name":"Andr\u00e9","@id":"https:\/\/talent.efix.net\/pt\/#\/schema\/person\/a5699a32662861ccd03c1fc4140cbf77"},"headline":"Quatro tend\u00eancias entre os l\u00edderes","datePublished":"2016-05-17T20:03:47+00:00","dateModified":"2016-07-05T20:21:28+00:00","mainEntityOfPage":{"@id":"https:\/\/talent.efix.net\/pt\/quatro-tendencias-entre-os-lideres\/"},"wordCount":491,"commentCount":0,"publisher":{"@id":"https:\/\/talent.efix.net\/pt\/#organization"},"keywords":["#l\u00edder","#l\u00edderes","Gest\u00e3o de Pessoas"],"articleSection":["Not\u00edcias"],"inLanguage":"pt-BR","potentialAction":[{"@type":"CommentAction","name":"Comment","target":["https:\/\/talent.efix.net\/pt\/quatro-tendencias-entre-os-lideres\/#respond"]}]},{"@type":"WebPage","@id":"https:\/\/talent.efix.net\/pt\/quatro-tendencias-entre-os-lideres\/","url":"https:\/\/talent.efix.net\/pt\/quatro-tendencias-entre-os-lideres\/","name":"Quatro tend\u00eancias entre os l\u00edderes | Efix Portugu\u00eas","isPartOf":{"@id":"https:\/\/talent.efix.net\/pt\/#website"},"datePublished":"2016-05-17T20:03:47+00:00","dateModified":"2016-07-05T20:21:28+00:00","description":"Confira quatro tend\u00eancias entre os l\u00edderes para uma boa gest\u00e3o nos pr\u00f3ximos anos.","breadcrumb":{"@id":"https:\/\/talent.efix.net\/pt\/quatro-tendencias-entre-os-lideres\/#breadcrumb"},"inLanguage":"pt-BR","potentialAction":[{"@type":"ReadAction","target":["https:\/\/talent.efix.net\/pt\/quatro-tendencias-entre-os-lideres\/"]}]},{"@type":"BreadcrumbList","@id":"https:\/\/talent.efix.net\/pt\/quatro-tendencias-entre-os-lideres\/#breadcrumb","itemListElement":[{"@type":"ListItem","position":1,"name":"Home","item":"https:\/\/talent.efix.net\/pt\/"},{"@type":"ListItem","position":2,"name":"Quatro tend\u00eancias entre os l\u00edderes"}]},{"@type":"WebSite","@id":"https:\/\/talent.efix.net\/pt\/#website","url":"https:\/\/talent.efix.net\/pt\/","name":"Efix","description":"Solu\u00e7\u00f5es para Gest\u00e3o e Desenvolvimento de Pessoas","publisher":{"@id":"https:\/\/talent.efix.net\/pt\/#organization"},"potentialAction":[{"@type":"SearchAction","target":{"@type":"EntryPoint","urlTemplate":"https:\/\/talent.efix.net\/pt\/?s={search_term_string}"},"query-input":"required name=search_term_string"}],"inLanguage":"pt-BR"},{"@type":"Organization","@id":"https:\/\/talent.efix.net\/pt\/#organization","name":"Efix","url":"https:\/\/talent.efix.net\/pt\/","logo":{"@type":"ImageObject","inLanguage":"pt-BR","@id":"https:\/\/talent.efix.net\/pt\/#\/schema\/logo\/image\/","url":"https:\/\/talent.efix.net\/pt\/wp-content\/uploads\/sites\/2\/2024\/03\/logo.png","contentUrl":"https:\/\/talent.efix.net\/pt\/wp-content\/uploads\/sites\/2\/2024\/03\/logo.png","width":103,"height":77,"caption":"Efix"},"image":{"@id":"https:\/\/talent.efix.net\/pt\/#\/schema\/logo\/image\/"},"sameAs":["https:\/\/www.facebook.com\/efixnet","https:\/\/twitter.com\/EfixNet"]},{"@type":"Person","@id":"https:\/\/talent.efix.net\/pt\/#\/schema\/person\/a5699a32662861ccd03c1fc4140cbf77","name":"Andr\u00e9","image":{"@type":"ImageObject","inLanguage":"pt-BR","@id":"https:\/\/talent.efix.net\/pt\/#\/schema\/person\/image\/","url":"https:\/\/secure.gravatar.com\/avatar\/c26ab02478d05c53900e47608132a94c?s=96&d=mm&r=g","contentUrl":"https:\/\/secure.gravatar.com\/avatar\/c26ab02478d05c53900e47608132a94c?s=96&d=mm&r=g","caption":"Andr\u00e9"},"url":"https:\/\/talent.efix.net\/pt\/author\/intelligenzia\/"}]}},"_links":{"self":[{"href":"https:\/\/talent.efix.net\/pt\/wp-json\/wp\/v2\/posts\/1992"}],"collection":[{"href":"https:\/\/talent.efix.net\/pt\/wp-json\/wp\/v2\/posts"}],"about":[{"href":"https:\/\/talent.efix.net\/pt\/wp-json\/wp\/v2\/types\/post"}],"author":[{"embeddable":true,"href":"https:\/\/talent.efix.net\/pt\/wp-json\/wp\/v2\/users\/7"}],"replies":[{"embeddable":true,"href":"https:\/\/talent.efix.net\/pt\/wp-json\/wp\/v2\/comments?post=1992"}],"version-history":[{"count":1,"href":"https:\/\/talent.efix.net\/pt\/wp-json\/wp\/v2\/posts\/1992\/revisions"}],"predecessor-version":[{"id":1993,"href":"https:\/\/talent.efix.net\/pt\/wp-json\/wp\/v2\/posts\/1992\/revisions\/1993"}],"wp:attachment":[{"href":"https:\/\/talent.efix.net\/pt\/wp-json\/wp\/v2\/media?parent=1992"}],"wp:term":[{"taxonomy":"category","embeddable":true,"href":"https:\/\/talent.efix.net\/pt\/wp-json\/wp\/v2\/categories?post=1992"},{"taxonomy":"post_tag","embeddable":true,"href":"https:\/\/talent.efix.net\/pt\/wp-json\/wp\/v2\/tags?post=1992"}],"curies":[{"name":"wp","href":"https:\/\/api.w.org\/{rel}","templated":true}]}}