{"id":1927,"date":"2016-04-01T07:00:24","date_gmt":"2016-04-01T10:00:24","guid":{"rendered":"http:\/\/talent.efix.net\/pt\/?p=1927"},"modified":"2016-03-31T17:51:45","modified_gmt":"2016-03-31T20:51:45","slug":"voce-precisa-construir-a-confianca-dentro-da-empresa","status":"publish","type":"post","link":"https:\/\/talent.efix.net\/pt\/voce-precisa-construir-a-confianca-dentro-da-empresa\/","title":{"rendered":"Voc\u00ea precisa construir a confian\u00e7a dentro da empresa"},"content":{"rendered":"<p>A confian\u00e7a leva anos para ser constru\u00edda, mas pode perder-se em um piscar de olhos. Se confiarmos em algu\u00e9m, falamos bem da pessoa mesmo quando ela est\u00e1 ausente. Mas quando se trata de algu\u00e9m que n\u00e3o confiamos, qualquer atitude j\u00e1 \u00e9 vista pelo lado negativo. Essa percep\u00e7\u00e3o estende-se para empresas tamb\u00e9m. Cada e-mail, conversa ou outra forma de comunica\u00e7\u00e3o com o l\u00edder pode ser encarada de maneira negativa. Por que isso acontece?<\/p>\n<p><a href=\"https:\/\/talent.efix.net\/pt\/2016\/03\/21\/seis-maneiras-de-promover-lideranca-etica-na-sua-empresa\/\" target=\"_blank\">L\u00edderes possuem v\u00e1rias oportunidades <\/a>de construir conectividade com seus colaboradores; no entanto ouvimos hist\u00f3rias, como funcion\u00e1rios sendo informados de demiss\u00f5es por e-mail e pensamos \u2013 como algu\u00e9m pode ser t\u00e3o incoerente?<\/p>\n<p>\u00c9 dif\u00edcil construir e manter a confian\u00e7a dentro das empresas, mas \u00e9 indispens\u00e1vel faz\u00ea-lo. Se as pessoas confiam umas nas outras e em seus l\u00edderes, elas estar\u00e3o dispostas a trabalhar mesmo com desentendimentos ou falhas de comunica\u00e7\u00e3o, entre outros problemas. Ser\u00e3o mais dedicadas, ficar\u00e3o na empresa por mais tempo e contribuir\u00e3o com melhores ideias.<\/p>\n<p>&nbsp;<\/p>\n<h5>Confian\u00e7a pode ser destrutiva<\/h5>\n<p>Se funcion\u00e1rios n\u00e3o confiam na empresa e em seus l\u00edderes, eles estar\u00e3o desengajados com o \u00a0trabalho, focar\u00e3o em rumores, pol\u00edticas, fofocas e <a href=\"https:\/\/talent.efix.net\/pt\/2014\/09\/18\/o-poder-de-um-lider-na-retencao-de-talentos\/\" target=\"_blank\">provavelmente v\u00e3o procurar outro emprego<\/a>.<\/p>\n<p>No entanto, assim como nas fam\u00edlias, algumas virtudes v\u00eam se mantendo com o passar do tempo: consist\u00eancia, comunica\u00e7\u00e3o clara e disposi\u00e7\u00e3o para enfrentar quest\u00f5es dif\u00edceis. Isso deve estar incutido nas miss\u00f5es e valores da sua empresa.<\/p>\n<p>O problema \u00e9 que em muitos casos, n\u00f3s n\u00e3o usamos essas premissas como guias. Se n\u00e3o tomamos as decis\u00f5es baseadas em nossas miss\u00f5es, valores e cultura, estamos basicamente dizendo uma coisa e fazendo outra, o que vai contra a declara\u00e7\u00e3o mais usada no mundo dos neg\u00f3cios: \u201cpessoas s\u00e3o o nosso maior patrim\u00f4nio\u201d.<\/p>\n<p>&nbsp;<\/p>\n<p>Os maiores \u201cmusts\u201d da lideran\u00e7a<\/p>\n<ol>\n<li><span style=\"color: #333399;\">Seja confi\u00e1vel: \u00e9 f\u00e1cil esconder n\u00fameros, encobrir fatos ou convenientemente excluir evid\u00eancias que n\u00e3o apoiem nossa posi\u00e7\u00e3o, mas voc\u00ea vai sair perdendo no final se n\u00e3o for confi\u00e1vel.<\/span><\/li>\n<li><span style=\"color: #333399;\">Fa\u00e7a dep\u00f3sitos de confian\u00e7a a cada oportunidade: interaja sem esperar nada em troca. Quanto mais voc\u00ea d\u00e1, mais constr\u00f3i confian\u00e7a. Isso \u00e9 verdade na nossa vida pessoal e tamb\u00e9m na corporativa. Em outras palavras, use o mantra \u201cComo posso ajudar?\u201d e \u201cO que voc\u00ea precisa de mim?\u201d.<\/span><\/li>\n<li><span style=\"color: #333399;\">Mantenha sua palavra: Pessoas t\u00eam que ter certeza que voc\u00ea vai cumprir suas promessas. Se voc\u00ea se comprometeu com algo, fa\u00e7a, sem desculpas. Se n\u00e3o pode, proativamente avise a outra pessoa antecipadamente.<\/span><\/li>\n<\/ol>\n<p>&nbsp;<\/p>\n<p>A confian\u00e7a na lideran\u00e7a que j\u00e1 tenha sido destru\u00edda pode ser reconquistada. Isso implica em fazer a coisa certa em vez de optar pelo caminho mais f\u00e1cil. Ao retomar isso, tome cuidado para n\u00e3o cometer os mesmos erros.<\/p>\n<p>A <strong><em>Efix<\/em><\/strong> disponibiliza dentro da sua ferramenta, o <a href=\"https:\/\/talent.efix.net\/pt\/suites\/efix-survey-suite-2\/\" target=\"_blank\">Survey Suite<\/a>, um conjunto de solu\u00e7\u00f5es que permite a cria\u00e7\u00e3o e aplica\u00e7\u00e3o de pesquisas de clima organizacional, associadas a um plano de a\u00e7\u00e3o. O Survey Suite colabora com a reten\u00e7\u00e3o de talentos da sua empresa.<\/p>\n<p>Com <a href=\"http:\/\/www.eremedia.com\/tlnt\/exhibiting-leadership-you-must-never-stop-working-to-build-employee-trust\/\">Eremedia<\/a><\/p>\n<p>&nbsp;<\/p>\n","protected":false},"excerpt":{"rendered":"<p>A confian\u00e7a leva anos para ser constru\u00edda, mas pode perder-se em um piscar de olhos. Se confiarmos em algu\u00e9m, falamos bem da pessoa mesmo quando ela est\u00e1 ausente. Mas quando se trata de algu\u00e9m que n\u00e3o confiamos, qualquer atitude j\u00e1 \u00e9 vista pelo lado negativo. Essa percep\u00e7\u00e3o estende-se para empresas tamb\u00e9m. Cada e-mail, conversa ou outra forma de comunica\u00e7\u00e3o com o l\u00edder pode ser encarada de maneira negativa. Por que isso acontece? L\u00edderes possuem v\u00e1rias oportunidades de construir conectividade com seus colaboradores; no entanto ouvimos hist\u00f3rias, como funcion\u00e1rios sendo informados de demiss\u00f5es por e-mail e pensamos \u2013 como algu\u00e9m pode [&hellip;]<\/p>\n","protected":false},"author":7,"featured_media":0,"comment_status":"open","ping_status":"open","sticky":false,"template":"","format":"standard","meta":{"footnotes":""},"categories":[3],"tags":[97,41,39,20],"yoast_head":"<!-- This site is optimized with the Yoast SEO plugin v22.2 - https:\/\/yoast.com\/wordpress\/plugins\/seo\/ -->\n<title>Voc\u00ea precisa construir a confian\u00e7a dentro da empresa | Efix Portugu\u00eas<\/title>\n<meta name=\"description\" content=\"Para uma boa cultura corporativa, a confian\u00e7a tem que estar presente. Mas ao contr\u00e1rio do senso comum, ela deve ser constru\u00edda pelo pr\u00f3prio empregador.\" \/>\n<meta name=\"robots\" content=\"index, follow, max-snippet:-1, max-image-preview:large, max-video-preview:-1\" \/>\n<link rel=\"canonical\" href=\"https:\/\/talent.efix.net\/pt\/voce-precisa-construir-a-confianca-dentro-da-empresa\/\" \/>\n<meta property=\"og:locale\" content=\"pt_BR\" \/>\n<meta property=\"og:type\" content=\"article\" \/>\n<meta property=\"og:title\" content=\"Voc\u00ea precisa construir a confian\u00e7a dentro da empresa\" \/>\n<meta property=\"og:description\" content=\"Para uma boa cultura corporativa, a confian\u00e7a tem que estar presente. Mas ao contr\u00e1rio do senso comum, ela deve ser constru\u00edda pelo pr\u00f3prio empregador.\" \/>\n<meta property=\"og:url\" content=\"https:\/\/talent.efix.net\/pt\/voce-precisa-construir-a-confianca-dentro-da-empresa\/\" \/>\n<meta property=\"og:site_name\" content=\"Efix Portugu\u00eas\" \/>\n<meta property=\"article:publisher\" content=\"https:\/\/www.facebook.com\/efixnet\" \/>\n<meta property=\"article:published_time\" content=\"2016-04-01T10:00:24+00:00\" \/>\n<meta property=\"article:modified_time\" content=\"2016-03-31T20:51:45+00:00\" \/>\n<meta property=\"og:image\" content=\"https:\/\/talent.efix.net\/pt\/wp-content\/uploads\/sites\/2\/2024\/03\/logo.png\" \/>\n\t<meta property=\"og:image:width\" content=\"103\" \/>\n\t<meta property=\"og:image:height\" content=\"77\" \/>\n\t<meta property=\"og:image:type\" content=\"image\/png\" \/>\n<meta name=\"author\" content=\"Andr\u00e9\" \/>\n<meta name=\"twitter:card\" content=\"summary_large_image\" \/>\n<meta name=\"twitter:title\" content=\"Voc\u00ea precisa construir a confian\u00e7a dentro da empresa\" \/>\n<meta name=\"twitter:description\" content=\"Para uma boa cultura corporativa, a confian\u00e7a tem que estar presente. Mas ao contr\u00e1rio do senso comum, ela deve ser constru\u00edda pelo pr\u00f3prio empregador.\" \/>\n<meta name=\"twitter:creator\" content=\"@EfixNet\" \/>\n<meta name=\"twitter:site\" content=\"@EfixNet\" \/>\n<meta name=\"twitter:label1\" content=\"Escrito por\" \/>\n\t<meta name=\"twitter:data1\" content=\"Andr\u00e9\" \/>\n\t<meta name=\"twitter:label2\" content=\"Est. tempo de leitura\" \/>\n\t<meta name=\"twitter:data2\" content=\"3 minutos\" \/>\n<script type=\"application\/ld+json\" class=\"yoast-schema-graph\">{\"@context\":\"https:\/\/schema.org\",\"@graph\":[{\"@type\":\"Article\",\"@id\":\"https:\/\/talent.efix.net\/pt\/voce-precisa-construir-a-confianca-dentro-da-empresa\/#article\",\"isPartOf\":{\"@id\":\"https:\/\/talent.efix.net\/pt\/voce-precisa-construir-a-confianca-dentro-da-empresa\/\"},\"author\":{\"name\":\"Andr\u00e9\",\"@id\":\"https:\/\/talent.efix.net\/pt\/#\/schema\/person\/a5699a32662861ccd03c1fc4140cbf77\"},\"headline\":\"Voc\u00ea precisa construir a confian\u00e7a dentro da empresa\",\"datePublished\":\"2016-04-01T10:00:24+00:00\",\"dateModified\":\"2016-03-31T20:51:45+00:00\",\"mainEntityOfPage\":{\"@id\":\"https:\/\/talent.efix.net\/pt\/voce-precisa-construir-a-confianca-dentro-da-empresa\/\"},\"wordCount\":556,\"commentCount\":0,\"publisher\":{\"@id\":\"https:\/\/talent.efix.net\/pt\/#organization\"},\"keywords\":[\"#lideran\u00e7a\",\"#l\u00edderes\",\"#reten\u00e7\u00e3odetalentos\",\"Gest\u00e3o de Pessoas\"],\"articleSection\":[\"Not\u00edcias\"],\"inLanguage\":\"pt-BR\",\"potentialAction\":[{\"@type\":\"CommentAction\",\"name\":\"Comment\",\"target\":[\"https:\/\/talent.efix.net\/pt\/voce-precisa-construir-a-confianca-dentro-da-empresa\/#respond\"]}]},{\"@type\":\"WebPage\",\"@id\":\"https:\/\/talent.efix.net\/pt\/voce-precisa-construir-a-confianca-dentro-da-empresa\/\",\"url\":\"https:\/\/talent.efix.net\/pt\/voce-precisa-construir-a-confianca-dentro-da-empresa\/\",\"name\":\"Voc\u00ea precisa construir a confian\u00e7a dentro da empresa | Efix Portugu\u00eas\",\"isPartOf\":{\"@id\":\"https:\/\/talent.efix.net\/pt\/#website\"},\"datePublished\":\"2016-04-01T10:00:24+00:00\",\"dateModified\":\"2016-03-31T20:51:45+00:00\",\"description\":\"Para uma boa cultura corporativa, a confian\u00e7a tem que estar presente. Mas ao contr\u00e1rio do senso comum, ela deve ser constru\u00edda pelo pr\u00f3prio empregador.\",\"breadcrumb\":{\"@id\":\"https:\/\/talent.efix.net\/pt\/voce-precisa-construir-a-confianca-dentro-da-empresa\/#breadcrumb\"},\"inLanguage\":\"pt-BR\",\"potentialAction\":[{\"@type\":\"ReadAction\",\"target\":[\"https:\/\/talent.efix.net\/pt\/voce-precisa-construir-a-confianca-dentro-da-empresa\/\"]}]},{\"@type\":\"BreadcrumbList\",\"@id\":\"https:\/\/talent.efix.net\/pt\/voce-precisa-construir-a-confianca-dentro-da-empresa\/#breadcrumb\",\"itemListElement\":[{\"@type\":\"ListItem\",\"position\":1,\"name\":\"Home\",\"item\":\"https:\/\/talent.efix.net\/pt\/\"},{\"@type\":\"ListItem\",\"position\":2,\"name\":\"Voc\u00ea precisa construir a confian\u00e7a dentro da empresa\"}]},{\"@type\":\"WebSite\",\"@id\":\"https:\/\/talent.efix.net\/pt\/#website\",\"url\":\"https:\/\/talent.efix.net\/pt\/\",\"name\":\"Efix\",\"description\":\"Solu\u00e7\u00f5es para Gest\u00e3o e Desenvolvimento de Pessoas\",\"publisher\":{\"@id\":\"https:\/\/talent.efix.net\/pt\/#organization\"},\"potentialAction\":[{\"@type\":\"SearchAction\",\"target\":{\"@type\":\"EntryPoint\",\"urlTemplate\":\"https:\/\/talent.efix.net\/pt\/?s={search_term_string}\"},\"query-input\":\"required name=search_term_string\"}],\"inLanguage\":\"pt-BR\"},{\"@type\":\"Organization\",\"@id\":\"https:\/\/talent.efix.net\/pt\/#organization\",\"name\":\"Efix\",\"url\":\"https:\/\/talent.efix.net\/pt\/\",\"logo\":{\"@type\":\"ImageObject\",\"inLanguage\":\"pt-BR\",\"@id\":\"https:\/\/talent.efix.net\/pt\/#\/schema\/logo\/image\/\",\"url\":\"https:\/\/talent.efix.net\/pt\/wp-content\/uploads\/sites\/2\/2024\/03\/logo.png\",\"contentUrl\":\"https:\/\/talent.efix.net\/pt\/wp-content\/uploads\/sites\/2\/2024\/03\/logo.png\",\"width\":103,\"height\":77,\"caption\":\"Efix\"},\"image\":{\"@id\":\"https:\/\/talent.efix.net\/pt\/#\/schema\/logo\/image\/\"},\"sameAs\":[\"https:\/\/www.facebook.com\/efixnet\",\"https:\/\/twitter.com\/EfixNet\"]},{\"@type\":\"Person\",\"@id\":\"https:\/\/talent.efix.net\/pt\/#\/schema\/person\/a5699a32662861ccd03c1fc4140cbf77\",\"name\":\"Andr\u00e9\",\"image\":{\"@type\":\"ImageObject\",\"inLanguage\":\"pt-BR\",\"@id\":\"https:\/\/talent.efix.net\/pt\/#\/schema\/person\/image\/\",\"url\":\"https:\/\/secure.gravatar.com\/avatar\/c26ab02478d05c53900e47608132a94c?s=96&d=mm&r=g\",\"contentUrl\":\"https:\/\/secure.gravatar.com\/avatar\/c26ab02478d05c53900e47608132a94c?s=96&d=mm&r=g\",\"caption\":\"Andr\u00e9\"},\"url\":\"https:\/\/talent.efix.net\/pt\/author\/intelligenzia\/\"}]}<\/script>\n<!-- \/ Yoast SEO plugin. -->","yoast_head_json":{"title":"Voc\u00ea precisa construir a confian\u00e7a dentro da empresa | Efix Portugu\u00eas","description":"Para uma boa cultura corporativa, a confian\u00e7a tem que estar presente. Mas ao contr\u00e1rio do senso comum, ela deve ser constru\u00edda pelo pr\u00f3prio empregador.","robots":{"index":"index","follow":"follow","max-snippet":"max-snippet:-1","max-image-preview":"max-image-preview:large","max-video-preview":"max-video-preview:-1"},"canonical":"https:\/\/talent.efix.net\/pt\/voce-precisa-construir-a-confianca-dentro-da-empresa\/","og_locale":"pt_BR","og_type":"article","og_title":"Voc\u00ea precisa construir a confian\u00e7a dentro da empresa","og_description":"Para uma boa cultura corporativa, a confian\u00e7a tem que estar presente. Mas ao contr\u00e1rio do senso comum, ela deve ser constru\u00edda pelo pr\u00f3prio empregador.","og_url":"https:\/\/talent.efix.net\/pt\/voce-precisa-construir-a-confianca-dentro-da-empresa\/","og_site_name":"Efix Portugu\u00eas","article_publisher":"https:\/\/www.facebook.com\/efixnet","article_published_time":"2016-04-01T10:00:24+00:00","article_modified_time":"2016-03-31T20:51:45+00:00","og_image":[{"width":103,"height":77,"url":"https:\/\/talent.efix.net\/pt\/wp-content\/uploads\/sites\/2\/2024\/03\/logo.png","type":"image\/png"}],"author":"Andr\u00e9","twitter_card":"summary_large_image","twitter_title":"Voc\u00ea precisa construir a confian\u00e7a dentro da empresa","twitter_description":"Para uma boa cultura corporativa, a confian\u00e7a tem que estar presente. Mas ao contr\u00e1rio do senso comum, ela deve ser constru\u00edda pelo pr\u00f3prio empregador.","twitter_creator":"@EfixNet","twitter_site":"@EfixNet","twitter_misc":{"Escrito por":"Andr\u00e9","Est. tempo de leitura":"3 minutos"},"schema":{"@context":"https:\/\/schema.org","@graph":[{"@type":"Article","@id":"https:\/\/talent.efix.net\/pt\/voce-precisa-construir-a-confianca-dentro-da-empresa\/#article","isPartOf":{"@id":"https:\/\/talent.efix.net\/pt\/voce-precisa-construir-a-confianca-dentro-da-empresa\/"},"author":{"name":"Andr\u00e9","@id":"https:\/\/talent.efix.net\/pt\/#\/schema\/person\/a5699a32662861ccd03c1fc4140cbf77"},"headline":"Voc\u00ea precisa construir a confian\u00e7a dentro da empresa","datePublished":"2016-04-01T10:00:24+00:00","dateModified":"2016-03-31T20:51:45+00:00","mainEntityOfPage":{"@id":"https:\/\/talent.efix.net\/pt\/voce-precisa-construir-a-confianca-dentro-da-empresa\/"},"wordCount":556,"commentCount":0,"publisher":{"@id":"https:\/\/talent.efix.net\/pt\/#organization"},"keywords":["#lideran\u00e7a","#l\u00edderes","#reten\u00e7\u00e3odetalentos","Gest\u00e3o de Pessoas"],"articleSection":["Not\u00edcias"],"inLanguage":"pt-BR","potentialAction":[{"@type":"CommentAction","name":"Comment","target":["https:\/\/talent.efix.net\/pt\/voce-precisa-construir-a-confianca-dentro-da-empresa\/#respond"]}]},{"@type":"WebPage","@id":"https:\/\/talent.efix.net\/pt\/voce-precisa-construir-a-confianca-dentro-da-empresa\/","url":"https:\/\/talent.efix.net\/pt\/voce-precisa-construir-a-confianca-dentro-da-empresa\/","name":"Voc\u00ea precisa construir a confian\u00e7a dentro da empresa | Efix Portugu\u00eas","isPartOf":{"@id":"https:\/\/talent.efix.net\/pt\/#website"},"datePublished":"2016-04-01T10:00:24+00:00","dateModified":"2016-03-31T20:51:45+00:00","description":"Para uma boa cultura corporativa, a confian\u00e7a tem que estar presente. Mas ao contr\u00e1rio do senso comum, ela deve ser constru\u00edda pelo pr\u00f3prio empregador.","breadcrumb":{"@id":"https:\/\/talent.efix.net\/pt\/voce-precisa-construir-a-confianca-dentro-da-empresa\/#breadcrumb"},"inLanguage":"pt-BR","potentialAction":[{"@type":"ReadAction","target":["https:\/\/talent.efix.net\/pt\/voce-precisa-construir-a-confianca-dentro-da-empresa\/"]}]},{"@type":"BreadcrumbList","@id":"https:\/\/talent.efix.net\/pt\/voce-precisa-construir-a-confianca-dentro-da-empresa\/#breadcrumb","itemListElement":[{"@type":"ListItem","position":1,"name":"Home","item":"https:\/\/talent.efix.net\/pt\/"},{"@type":"ListItem","position":2,"name":"Voc\u00ea precisa construir a confian\u00e7a dentro da empresa"}]},{"@type":"WebSite","@id":"https:\/\/talent.efix.net\/pt\/#website","url":"https:\/\/talent.efix.net\/pt\/","name":"Efix","description":"Solu\u00e7\u00f5es para Gest\u00e3o e Desenvolvimento de Pessoas","publisher":{"@id":"https:\/\/talent.efix.net\/pt\/#organization"},"potentialAction":[{"@type":"SearchAction","target":{"@type":"EntryPoint","urlTemplate":"https:\/\/talent.efix.net\/pt\/?s={search_term_string}"},"query-input":"required name=search_term_string"}],"inLanguage":"pt-BR"},{"@type":"Organization","@id":"https:\/\/talent.efix.net\/pt\/#organization","name":"Efix","url":"https:\/\/talent.efix.net\/pt\/","logo":{"@type":"ImageObject","inLanguage":"pt-BR","@id":"https:\/\/talent.efix.net\/pt\/#\/schema\/logo\/image\/","url":"https:\/\/talent.efix.net\/pt\/wp-content\/uploads\/sites\/2\/2024\/03\/logo.png","contentUrl":"https:\/\/talent.efix.net\/pt\/wp-content\/uploads\/sites\/2\/2024\/03\/logo.png","width":103,"height":77,"caption":"Efix"},"image":{"@id":"https:\/\/talent.efix.net\/pt\/#\/schema\/logo\/image\/"},"sameAs":["https:\/\/www.facebook.com\/efixnet","https:\/\/twitter.com\/EfixNet"]},{"@type":"Person","@id":"https:\/\/talent.efix.net\/pt\/#\/schema\/person\/a5699a32662861ccd03c1fc4140cbf77","name":"Andr\u00e9","image":{"@type":"ImageObject","inLanguage":"pt-BR","@id":"https:\/\/talent.efix.net\/pt\/#\/schema\/person\/image\/","url":"https:\/\/secure.gravatar.com\/avatar\/c26ab02478d05c53900e47608132a94c?s=96&d=mm&r=g","contentUrl":"https:\/\/secure.gravatar.com\/avatar\/c26ab02478d05c53900e47608132a94c?s=96&d=mm&r=g","caption":"Andr\u00e9"},"url":"https:\/\/talent.efix.net\/pt\/author\/intelligenzia\/"}]}},"_links":{"self":[{"href":"https:\/\/talent.efix.net\/pt\/wp-json\/wp\/v2\/posts\/1927"}],"collection":[{"href":"https:\/\/talent.efix.net\/pt\/wp-json\/wp\/v2\/posts"}],"about":[{"href":"https:\/\/talent.efix.net\/pt\/wp-json\/wp\/v2\/types\/post"}],"author":[{"embeddable":true,"href":"https:\/\/talent.efix.net\/pt\/wp-json\/wp\/v2\/users\/7"}],"replies":[{"embeddable":true,"href":"https:\/\/talent.efix.net\/pt\/wp-json\/wp\/v2\/comments?post=1927"}],"version-history":[{"count":3,"href":"https:\/\/talent.efix.net\/pt\/wp-json\/wp\/v2\/posts\/1927\/revisions"}],"predecessor-version":[{"id":1965,"href":"https:\/\/talent.efix.net\/pt\/wp-json\/wp\/v2\/posts\/1927\/revisions\/1965"}],"wp:attachment":[{"href":"https:\/\/talent.efix.net\/pt\/wp-json\/wp\/v2\/media?parent=1927"}],"wp:term":[{"taxonomy":"category","embeddable":true,"href":"https:\/\/talent.efix.net\/pt\/wp-json\/wp\/v2\/categories?post=1927"},{"taxonomy":"post_tag","embeddable":true,"href":"https:\/\/talent.efix.net\/pt\/wp-json\/wp\/v2\/tags?post=1927"}],"curies":[{"name":"wp","href":"https:\/\/api.w.org\/{rel}","templated":true}]}}