{"id":1817,"date":"2016-02-19T07:00:25","date_gmt":"2016-02-19T09:00:25","guid":{"rendered":"http:\/\/talent.efix.net\/pt\/?p=1817"},"modified":"2016-02-16T11:08:28","modified_gmt":"2016-02-16T13:08:28","slug":"nuvem-e-gerenciamento-de-talentos-absorvem-boa-parte-dos-investimentos-em-rh","status":"publish","type":"post","link":"https:\/\/talent.efix.net\/pt\/nuvem-e-gerenciamento-de-talentos-absorvem-boa-parte-dos-investimentos-em-rh\/","title":{"rendered":"Nuvem e gerenciamento de talentos absorvem boa parte dos investimentos em RH"},"content":{"rendered":"<p>As empresas est\u00e3o direcionando seus gastos de tecnologia em RH para ferramentas dispon\u00edveis na nuvem, gerenciamento de talentos, mobile e an\u00e1lises, enquanto tentam fortalecer seu alinhamento com os neg\u00f3cios. \u00c9 o que aponta pesquisa feita nos Estados Unidos pela consultoria especializada em intelig\u00eancia de mercado Information Services Group (ISG).<\/p>\n<p>De acordo com a pesquisa, h\u00e1 duas raz\u00f5es que motivam o investimento em tecnologia de RH atualmente. Um deles \u00e9 o aumento da import\u00e2ncia do perfil do RH no sucesso da empresa. A outra \u00e9 que o departamento recebeu menor investimento nos \u00faltimos anos e isso tende a melhorar.<\/p>\n<p>Um dos maiores respons\u00e1veis pelo crescimento desse investimento, citado por 33% dos entrevistados, \u00e9 a busca pela melhoria do alinhamento na empresa. Mas a grande mudan\u00e7a dos \u00faltimos anos \u00e9 a aten\u00e7\u00e3o crescente \u00e0 melhora da experi\u00eancia dos funcion\u00e1rios. A import\u00e2ncia na experi\u00eancia dos empregados vai de acordo com as expectativas dos Millennials, que ocupam cada vez mais cargos importantes.<\/p>\n<p>Outra grande tend\u00eancia \u00e9 a ado\u00e7\u00e3o do Software as a Service (SaaS). Cerca de 70% dos entrevistados afirmaram que foi implantado uma plataforma de SaaS voltada para o RH nos \u00faltimos dois anos. N\u00f3s estamos vendo a tecnologia alcan\u00e7ar seu ponto m\u00e1ximo e muitas empresas est\u00e3o substituindo seus sistemas de RH tradicionais por um sistema SaaS.<\/p>\n<p>An\u00e1lises de dados tamb\u00e9m merecem aten\u00e7\u00e3o, gra\u00e7as ao crescente investimento em ferramentas que apresentam indicadores confi\u00e1veis. J\u00e1 foi considerado o \u201cmust have\u201d por muitas das empresas entrevistadas, mas atualmente o foco das empresas est\u00e1 em investir a princ\u00edpio em sistemas SaaS e gerenciamento de talentos, e s\u00f3 ent\u00e3o se concentrar em an\u00e1lises. A principal raz\u00e3o s\u00e3o os buracos na coleta de dados por v\u00e1rios sistemas de RH nos \u00faltimos anos, que agora devem desaparecer gra\u00e7as ao uso de um sistema integrado.<\/p>\n<p>Mobile ainda \u00e9 a grande pedida para 53% das empresas, mas ainda \u00e9 visto como uma vantagem ao inv\u00e9s de uma necessidade. No entanto, o interesse em mobile est\u00e1 crescendo.<\/p>\n<p>Com <a href=\"http:\/\/diginomica.com\/2015\/12\/30\/cloud-and-talent-management-soak-up-hr-investment\/#.VqDlTyorKM8\">Diginomica<\/a><\/p>\n","protected":false},"excerpt":{"rendered":"<p>As empresas est\u00e3o direcionando seus gastos de tecnologia em RH para ferramentas dispon\u00edveis na nuvem, gerenciamento de talentos, mobile e an\u00e1lises, enquanto tentam fortalecer seu alinhamento com os neg\u00f3cios. \u00c9 o que aponta pesquisa feita nos Estados Unidos pela consultoria especializada em intelig\u00eancia de mercado Information Services Group (ISG). De acordo com a pesquisa, h\u00e1 duas raz\u00f5es que motivam o investimento em tecnologia de RH atualmente. Um deles \u00e9 o aumento da import\u00e2ncia do perfil do RH no sucesso da empresa. A outra \u00e9 que o departamento recebeu menor investimento nos \u00faltimos anos e isso tende a melhorar. Um dos [&hellip;]<\/p>\n","protected":false},"author":7,"featured_media":0,"comment_status":"open","ping_status":"open","sticky":false,"template":"","format":"standard","meta":{"footnotes":""},"categories":[1,3],"tags":[82,23],"yoast_head":"<!-- This site is optimized with the Yoast SEO plugin v22.2 - https:\/\/yoast.com\/wordpress\/plugins\/seo\/ -->\n<title>Nuvem e gerenciamento de talentos absorvem boa parte dos investimentos em RH | Efix Portugu\u00eas<\/title>\n<meta name=\"robots\" content=\"index, follow, max-snippet:-1, max-image-preview:large, max-video-preview:-1\" \/>\n<link rel=\"canonical\" href=\"https:\/\/talent.efix.net\/pt\/nuvem-e-gerenciamento-de-talentos-absorvem-boa-parte-dos-investimentos-em-rh\/\" \/>\n<meta property=\"og:locale\" content=\"pt_BR\" \/>\n<meta property=\"og:type\" content=\"article\" \/>\n<meta property=\"og:title\" content=\"Nuvem e gerenciamento de talentos absorvem boa parte dos investimentos em RH\" \/>\n<meta property=\"og:description\" content=\"As empresas est\u00e3o direcionando seus gastos de tecnologia em RH para ferramentas dispon\u00edveis na nuvem\" \/>\n<meta property=\"og:url\" content=\"https:\/\/talent.efix.net\/pt\/nuvem-e-gerenciamento-de-talentos-absorvem-boa-parte-dos-investimentos-em-rh\/\" \/>\n<meta property=\"og:site_name\" content=\"Efix Portugu\u00eas\" \/>\n<meta property=\"article:publisher\" content=\"https:\/\/www.facebook.com\/efixnet\" \/>\n<meta property=\"article:published_time\" content=\"2016-02-19T09:00:25+00:00\" \/>\n<meta property=\"article:modified_time\" content=\"2016-02-16T13:08:28+00:00\" \/>\n<meta property=\"og:image\" content=\"https:\/\/talent.efix.net\/pt\/wp-content\/uploads\/sites\/2\/2016\/02\/rsmundorh_investisconsultoriarh.jpg\" \/>\n<meta name=\"author\" content=\"Andr\u00e9\" \/>\n<meta name=\"twitter:card\" content=\"summary_large_image\" \/>\n<meta name=\"twitter:title\" content=\"Nuvem e gerenciamento de talentos absorvem boa parte dos investimentos em RH\" \/>\n<meta name=\"twitter:description\" content=\"As empresas est\u00e3o direcionando seus gastos de tecnologia em RH para ferramentas dispon\u00edveis na nuvem\" \/>\n<meta name=\"twitter:creator\" content=\"@EfixNet\" \/>\n<meta name=\"twitter:site\" content=\"@EfixNet\" \/>\n<meta name=\"twitter:label1\" content=\"Escrito por\" \/>\n\t<meta name=\"twitter:data1\" content=\"Andr\u00e9\" \/>\n\t<meta name=\"twitter:label2\" content=\"Est. tempo de leitura\" \/>\n\t<meta name=\"twitter:data2\" content=\"2 minutos\" \/>\n<script type=\"application\/ld+json\" class=\"yoast-schema-graph\">{\"@context\":\"https:\/\/schema.org\",\"@graph\":[{\"@type\":\"Article\",\"@id\":\"https:\/\/talent.efix.net\/pt\/nuvem-e-gerenciamento-de-talentos-absorvem-boa-parte-dos-investimentos-em-rh\/#article\",\"isPartOf\":{\"@id\":\"https:\/\/talent.efix.net\/pt\/nuvem-e-gerenciamento-de-talentos-absorvem-boa-parte-dos-investimentos-em-rh\/\"},\"author\":{\"name\":\"Andr\u00e9\",\"@id\":\"https:\/\/talent.efix.net\/pt\/#\/schema\/person\/a5699a32662861ccd03c1fc4140cbf77\"},\"headline\":\"Nuvem e gerenciamento de talentos absorvem boa parte dos investimentos em RH\",\"datePublished\":\"2016-02-19T09:00:25+00:00\",\"dateModified\":\"2016-02-16T13:08:28+00:00\",\"mainEntityOfPage\":{\"@id\":\"https:\/\/talent.efix.net\/pt\/nuvem-e-gerenciamento-de-talentos-absorvem-boa-parte-dos-investimentos-em-rh\/\"},\"wordCount\":360,\"commentCount\":0,\"publisher\":{\"@id\":\"https:\/\/talent.efix.net\/pt\/#organization\"},\"keywords\":[\"Recursos humanos\",\"RH\"],\"articleSection\":[\"Listagem\",\"Not\u00edcias\"],\"inLanguage\":\"pt-BR\",\"potentialAction\":[{\"@type\":\"CommentAction\",\"name\":\"Comment\",\"target\":[\"https:\/\/talent.efix.net\/pt\/nuvem-e-gerenciamento-de-talentos-absorvem-boa-parte-dos-investimentos-em-rh\/#respond\"]}]},{\"@type\":\"WebPage\",\"@id\":\"https:\/\/talent.efix.net\/pt\/nuvem-e-gerenciamento-de-talentos-absorvem-boa-parte-dos-investimentos-em-rh\/\",\"url\":\"https:\/\/talent.efix.net\/pt\/nuvem-e-gerenciamento-de-talentos-absorvem-boa-parte-dos-investimentos-em-rh\/\",\"name\":\"Nuvem e gerenciamento de talentos absorvem boa parte dos investimentos em RH | Efix Portugu\u00eas\",\"isPartOf\":{\"@id\":\"https:\/\/talent.efix.net\/pt\/#website\"},\"datePublished\":\"2016-02-19T09:00:25+00:00\",\"dateModified\":\"2016-02-16T13:08:28+00:00\",\"breadcrumb\":{\"@id\":\"https:\/\/talent.efix.net\/pt\/nuvem-e-gerenciamento-de-talentos-absorvem-boa-parte-dos-investimentos-em-rh\/#breadcrumb\"},\"inLanguage\":\"pt-BR\",\"potentialAction\":[{\"@type\":\"ReadAction\",\"target\":[\"https:\/\/talent.efix.net\/pt\/nuvem-e-gerenciamento-de-talentos-absorvem-boa-parte-dos-investimentos-em-rh\/\"]}]},{\"@type\":\"BreadcrumbList\",\"@id\":\"https:\/\/talent.efix.net\/pt\/nuvem-e-gerenciamento-de-talentos-absorvem-boa-parte-dos-investimentos-em-rh\/#breadcrumb\",\"itemListElement\":[{\"@type\":\"ListItem\",\"position\":1,\"name\":\"Home\",\"item\":\"https:\/\/talent.efix.net\/pt\/\"},{\"@type\":\"ListItem\",\"position\":2,\"name\":\"Nuvem e gerenciamento de talentos absorvem boa parte dos investimentos em RH\"}]},{\"@type\":\"WebSite\",\"@id\":\"https:\/\/talent.efix.net\/pt\/#website\",\"url\":\"https:\/\/talent.efix.net\/pt\/\",\"name\":\"Efix\",\"description\":\"Solu\u00e7\u00f5es para Gest\u00e3o e Desenvolvimento de Pessoas\",\"publisher\":{\"@id\":\"https:\/\/talent.efix.net\/pt\/#organization\"},\"potentialAction\":[{\"@type\":\"SearchAction\",\"target\":{\"@type\":\"EntryPoint\",\"urlTemplate\":\"https:\/\/talent.efix.net\/pt\/?s={search_term_string}\"},\"query-input\":\"required name=search_term_string\"}],\"inLanguage\":\"pt-BR\"},{\"@type\":\"Organization\",\"@id\":\"https:\/\/talent.efix.net\/pt\/#organization\",\"name\":\"Efix\",\"url\":\"https:\/\/talent.efix.net\/pt\/\",\"logo\":{\"@type\":\"ImageObject\",\"inLanguage\":\"pt-BR\",\"@id\":\"https:\/\/talent.efix.net\/pt\/#\/schema\/logo\/image\/\",\"url\":\"https:\/\/talent.efix.net\/pt\/wp-content\/uploads\/sites\/2\/2024\/03\/logo.png\",\"contentUrl\":\"https:\/\/talent.efix.net\/pt\/wp-content\/uploads\/sites\/2\/2024\/03\/logo.png\",\"width\":103,\"height\":77,\"caption\":\"Efix\"},\"image\":{\"@id\":\"https:\/\/talent.efix.net\/pt\/#\/schema\/logo\/image\/\"},\"sameAs\":[\"https:\/\/www.facebook.com\/efixnet\",\"https:\/\/twitter.com\/EfixNet\"]},{\"@type\":\"Person\",\"@id\":\"https:\/\/talent.efix.net\/pt\/#\/schema\/person\/a5699a32662861ccd03c1fc4140cbf77\",\"name\":\"Andr\u00e9\",\"image\":{\"@type\":\"ImageObject\",\"inLanguage\":\"pt-BR\",\"@id\":\"https:\/\/talent.efix.net\/pt\/#\/schema\/person\/image\/\",\"url\":\"https:\/\/secure.gravatar.com\/avatar\/c26ab02478d05c53900e47608132a94c?s=96&d=mm&r=g\",\"contentUrl\":\"https:\/\/secure.gravatar.com\/avatar\/c26ab02478d05c53900e47608132a94c?s=96&d=mm&r=g\",\"caption\":\"Andr\u00e9\"},\"url\":\"https:\/\/talent.efix.net\/pt\/author\/intelligenzia\/\"}]}<\/script>\n<!-- \/ Yoast SEO plugin. -->","yoast_head_json":{"title":"Nuvem e gerenciamento de talentos absorvem boa parte dos investimentos em RH | Efix Portugu\u00eas","robots":{"index":"index","follow":"follow","max-snippet":"max-snippet:-1","max-image-preview":"max-image-preview:large","max-video-preview":"max-video-preview:-1"},"canonical":"https:\/\/talent.efix.net\/pt\/nuvem-e-gerenciamento-de-talentos-absorvem-boa-parte-dos-investimentos-em-rh\/","og_locale":"pt_BR","og_type":"article","og_title":"Nuvem e gerenciamento de talentos absorvem boa parte dos investimentos em RH","og_description":"As empresas est\u00e3o direcionando seus gastos de tecnologia em RH para ferramentas dispon\u00edveis na nuvem","og_url":"https:\/\/talent.efix.net\/pt\/nuvem-e-gerenciamento-de-talentos-absorvem-boa-parte-dos-investimentos-em-rh\/","og_site_name":"Efix Portugu\u00eas","article_publisher":"https:\/\/www.facebook.com\/efixnet","article_published_time":"2016-02-19T09:00:25+00:00","article_modified_time":"2016-02-16T13:08:28+00:00","og_image":[{"url":"https:\/\/talent.efix.net\/pt\/wp-content\/uploads\/sites\/2\/2016\/02\/rsmundorh_investisconsultoriarh.jpg"}],"author":"Andr\u00e9","twitter_card":"summary_large_image","twitter_title":"Nuvem e gerenciamento de talentos absorvem boa parte dos investimentos em RH","twitter_description":"As empresas est\u00e3o direcionando seus gastos de tecnologia em RH para ferramentas dispon\u00edveis na nuvem","twitter_creator":"@EfixNet","twitter_site":"@EfixNet","twitter_misc":{"Escrito por":"Andr\u00e9","Est. tempo de leitura":"2 minutos"},"schema":{"@context":"https:\/\/schema.org","@graph":[{"@type":"Article","@id":"https:\/\/talent.efix.net\/pt\/nuvem-e-gerenciamento-de-talentos-absorvem-boa-parte-dos-investimentos-em-rh\/#article","isPartOf":{"@id":"https:\/\/talent.efix.net\/pt\/nuvem-e-gerenciamento-de-talentos-absorvem-boa-parte-dos-investimentos-em-rh\/"},"author":{"name":"Andr\u00e9","@id":"https:\/\/talent.efix.net\/pt\/#\/schema\/person\/a5699a32662861ccd03c1fc4140cbf77"},"headline":"Nuvem e gerenciamento de talentos absorvem boa parte dos investimentos em RH","datePublished":"2016-02-19T09:00:25+00:00","dateModified":"2016-02-16T13:08:28+00:00","mainEntityOfPage":{"@id":"https:\/\/talent.efix.net\/pt\/nuvem-e-gerenciamento-de-talentos-absorvem-boa-parte-dos-investimentos-em-rh\/"},"wordCount":360,"commentCount":0,"publisher":{"@id":"https:\/\/talent.efix.net\/pt\/#organization"},"keywords":["Recursos humanos","RH"],"articleSection":["Listagem","Not\u00edcias"],"inLanguage":"pt-BR","potentialAction":[{"@type":"CommentAction","name":"Comment","target":["https:\/\/talent.efix.net\/pt\/nuvem-e-gerenciamento-de-talentos-absorvem-boa-parte-dos-investimentos-em-rh\/#respond"]}]},{"@type":"WebPage","@id":"https:\/\/talent.efix.net\/pt\/nuvem-e-gerenciamento-de-talentos-absorvem-boa-parte-dos-investimentos-em-rh\/","url":"https:\/\/talent.efix.net\/pt\/nuvem-e-gerenciamento-de-talentos-absorvem-boa-parte-dos-investimentos-em-rh\/","name":"Nuvem e gerenciamento de talentos absorvem boa parte dos investimentos em RH | Efix Portugu\u00eas","isPartOf":{"@id":"https:\/\/talent.efix.net\/pt\/#website"},"datePublished":"2016-02-19T09:00:25+00:00","dateModified":"2016-02-16T13:08:28+00:00","breadcrumb":{"@id":"https:\/\/talent.efix.net\/pt\/nuvem-e-gerenciamento-de-talentos-absorvem-boa-parte-dos-investimentos-em-rh\/#breadcrumb"},"inLanguage":"pt-BR","potentialAction":[{"@type":"ReadAction","target":["https:\/\/talent.efix.net\/pt\/nuvem-e-gerenciamento-de-talentos-absorvem-boa-parte-dos-investimentos-em-rh\/"]}]},{"@type":"BreadcrumbList","@id":"https:\/\/talent.efix.net\/pt\/nuvem-e-gerenciamento-de-talentos-absorvem-boa-parte-dos-investimentos-em-rh\/#breadcrumb","itemListElement":[{"@type":"ListItem","position":1,"name":"Home","item":"https:\/\/talent.efix.net\/pt\/"},{"@type":"ListItem","position":2,"name":"Nuvem e gerenciamento de talentos absorvem boa parte dos investimentos em RH"}]},{"@type":"WebSite","@id":"https:\/\/talent.efix.net\/pt\/#website","url":"https:\/\/talent.efix.net\/pt\/","name":"Efix","description":"Solu\u00e7\u00f5es para Gest\u00e3o e Desenvolvimento de Pessoas","publisher":{"@id":"https:\/\/talent.efix.net\/pt\/#organization"},"potentialAction":[{"@type":"SearchAction","target":{"@type":"EntryPoint","urlTemplate":"https:\/\/talent.efix.net\/pt\/?s={search_term_string}"},"query-input":"required name=search_term_string"}],"inLanguage":"pt-BR"},{"@type":"Organization","@id":"https:\/\/talent.efix.net\/pt\/#organization","name":"Efix","url":"https:\/\/talent.efix.net\/pt\/","logo":{"@type":"ImageObject","inLanguage":"pt-BR","@id":"https:\/\/talent.efix.net\/pt\/#\/schema\/logo\/image\/","url":"https:\/\/talent.efix.net\/pt\/wp-content\/uploads\/sites\/2\/2024\/03\/logo.png","contentUrl":"https:\/\/talent.efix.net\/pt\/wp-content\/uploads\/sites\/2\/2024\/03\/logo.png","width":103,"height":77,"caption":"Efix"},"image":{"@id":"https:\/\/talent.efix.net\/pt\/#\/schema\/logo\/image\/"},"sameAs":["https:\/\/www.facebook.com\/efixnet","https:\/\/twitter.com\/EfixNet"]},{"@type":"Person","@id":"https:\/\/talent.efix.net\/pt\/#\/schema\/person\/a5699a32662861ccd03c1fc4140cbf77","name":"Andr\u00e9","image":{"@type":"ImageObject","inLanguage":"pt-BR","@id":"https:\/\/talent.efix.net\/pt\/#\/schema\/person\/image\/","url":"https:\/\/secure.gravatar.com\/avatar\/c26ab02478d05c53900e47608132a94c?s=96&d=mm&r=g","contentUrl":"https:\/\/secure.gravatar.com\/avatar\/c26ab02478d05c53900e47608132a94c?s=96&d=mm&r=g","caption":"Andr\u00e9"},"url":"https:\/\/talent.efix.net\/pt\/author\/intelligenzia\/"}]}},"_links":{"self":[{"href":"https:\/\/talent.efix.net\/pt\/wp-json\/wp\/v2\/posts\/1817"}],"collection":[{"href":"https:\/\/talent.efix.net\/pt\/wp-json\/wp\/v2\/posts"}],"about":[{"href":"https:\/\/talent.efix.net\/pt\/wp-json\/wp\/v2\/types\/post"}],"author":[{"embeddable":true,"href":"https:\/\/talent.efix.net\/pt\/wp-json\/wp\/v2\/users\/7"}],"replies":[{"embeddable":true,"href":"https:\/\/talent.efix.net\/pt\/wp-json\/wp\/v2\/comments?post=1817"}],"version-history":[{"count":2,"href":"https:\/\/talent.efix.net\/pt\/wp-json\/wp\/v2\/posts\/1817\/revisions"}],"predecessor-version":[{"id":1820,"href":"https:\/\/talent.efix.net\/pt\/wp-json\/wp\/v2\/posts\/1817\/revisions\/1820"}],"wp:attachment":[{"href":"https:\/\/talent.efix.net\/pt\/wp-json\/wp\/v2\/media?parent=1817"}],"wp:term":[{"taxonomy":"category","embeddable":true,"href":"https:\/\/talent.efix.net\/pt\/wp-json\/wp\/v2\/categories?post=1817"},{"taxonomy":"post_tag","embeddable":true,"href":"https:\/\/talent.efix.net\/pt\/wp-json\/wp\/v2\/tags?post=1817"}],"curies":[{"name":"wp","href":"https:\/\/api.w.org\/{rel}","templated":true}]}}